{"id":15639,"date":"2016-01-14T12:52:30","date_gmt":"2016-01-14T11:52:30","guid":{"rendered":"http:\/\/sw-osterfeine.de\/?p=15639"},"modified":"2016-01-14T12:54:10","modified_gmt":"2016-01-14T11:54:10","slug":"erster-turniereinsatz-fuer-luca-von-der-heide-im-u12-talentteam-des-sv-werder-bremen","status":"publish","type":"post","link":"https:\/\/sw-osterfeine.de\/?p=15639","title":{"rendered":"Erster Turniereinsatz f\u00fcr Luca von der Heide im U12 Talentteam des SV Werder Bremen"},"content":{"rendered":"<p>Endlich war es f\u00fcr mich soweit. Nach 3 lehrreichen Trainingseinheiten auf dem Trainingsgel\u00e4nde des SV Werder Bremen im letzten Jahr stand nun der erste offizielle Einsatz im Trikot der Gr\u00fcn-Wei\u00dfen an. Im Rahmen des 26. Weser-Elbe-Cup ging es f\u00fcr mich im U12 Talentteam in Bremerhaven an den Start. Mit dabei vom St\u00fctzpunkt Lohne war auch Eric Wesjohann aus Rechterfeld, der mir mit seiner Erfahrung im Talentteam zur Seite stand. Mein Freund Jonas Jeck aus Damme konnte der Einladung aufgrund von Knieproblemen nicht folgen, gute Genesungsw\u00fcnsche von hier aus.<\/p>\n<p>In zwei Gruppen a f\u00fcnf Mannschaften wurden die Halbfinalteilnehmer ausgespielt. Dabei trafen wir in unserer Gruppe auf sehr gut eingespielte St\u00fctzpunktteams aus Bremerhaven, Aurich, Gelsenkirchen und Munster. Wir erspielten uns in der Vorrunde den 2. Platz und ich konnte mit meinen beiden ersten Toren f\u00fcr Werder Bremen zum Einzug ins Halbfinale beitragen. Am Ende war es dann der vierte Platz f\u00fcr unser Team und f\u00fcr mich eine wirklich tolle Erfahrung.<\/p>\n<p>Das Turnier gewann das b\u00e4renstarke St\u00fctzpunkt Team aus Hamburg. Nun bin ich sehr gespannt auf die n\u00e4chste Trainingseinheit im Februar in Bremen.<\/p>\n<p>&#8211; Luca von der Heide &#8211;<\/p>\n<p>&nbsp;<\/p>\n<div id=\"attachment_15640\" style=\"width: 257px\" class=\"wp-caption aligncenter\"><a href=\"https:\/\/sw-osterfeine.de\/wp-content\/uploads\/2016\/01\/Luca_Eric_Werder.jpg\" data-rel=\"lightbox-image-0\" data-rl_title=\"\" data-rl_caption=\"\" title=\"\"><img loading=\"lazy\" decoding=\"async\" aria-describedby=\"caption-attachment-15640\" class=\"size-medium wp-image-15640\" src=\"https:\/\/sw-osterfeine.de\/wp-content\/uploads\/2016\/01\/Luca_Eric_Werder-247x300.jpg\" alt=\"Luca v.d. Heide &amp; Erik Wesjohann\" width=\"247\" height=\"300\" srcset=\"https:\/\/sw-osterfeine.de\/wp-content\/uploads\/2016\/01\/Luca_Eric_Werder-247x300.jpg 247w, https:\/\/sw-osterfeine.de\/wp-content\/uploads\/2016\/01\/Luca_Eric_Werder.jpg 826w\" sizes=\"(max-width: 247px) 100vw, 247px\" \/><\/a><p id=\"caption-attachment-15640\" class=\"wp-caption-text\">Luca v.d. Heide &amp; Erik Wesjohann<\/p><\/div>\n<div id=\"attachment_15641\" style=\"width: 240px\" class=\"wp-caption aligncenter\"><a href=\"https:\/\/sw-osterfeine.de\/wp-content\/uploads\/2016\/01\/Luca_Werder.jpg\" data-rel=\"lightbox-image-1\" data-rl_title=\"\" data-rl_caption=\"\" title=\"\"><img loading=\"lazy\" decoding=\"async\" aria-describedby=\"caption-attachment-15641\" class=\"size-medium wp-image-15641\" src=\"https:\/\/sw-osterfeine.de\/wp-content\/uploads\/2016\/01\/Luca_Werder-230x300.jpg\" alt=\"Luca v.d. Heide\" width=\"230\" height=\"300\" srcset=\"https:\/\/sw-osterfeine.de\/wp-content\/uploads\/2016\/01\/Luca_Werder-230x300.jpg 230w, https:\/\/sw-osterfeine.de\/wp-content\/uploads\/2016\/01\/Luca_Werder.jpg 768w\" sizes=\"(max-width: 230px) 100vw, 230px\" \/><\/a><p id=\"caption-attachment-15641\" class=\"wp-caption-text\">Luca v.d. Heide<\/p><\/div>\n<p>&nbsp;<\/p>\n","protected":false},"excerpt":{"rendered":"<p>Endlich war es f\u00fcr mich soweit. Nach 3 lehrreichen Trainingseinheiten auf dem Trainingsgel\u00e4nde des SV Werder Bremen im letzten Jahr stand nun der erste offizielle Einsatz im Trikot der Gr\u00fcn-Wei\u00dfen an. Im Rahmen des 26. Weser-Elbe-Cup ging es f\u00fcr mich im U12 Talentteam in Bremerhaven an den Start. Mit dabei vom St\u00fctzpunkt Lohne war auch [&hellip;]<\/p>\n","protected":false},"author":3,"featured_media":0,"comment_status":"closed","ping_status":"closed","sticky":false,"template":"","format":"standard","meta":{"footnotes":""},"categories":[3],"tags":[],"_links":{"self":[{"href":"https:\/\/sw-osterfeine.de\/index.php?rest_route=\/wp\/v2\/posts\/15639"}],"collection":[{"href":"https:\/\/sw-osterfeine.de\/index.php?rest_route=\/wp\/v2\/posts"}],"about":[{"href":"https:\/\/sw-osterfeine.de\/index.php?rest_route=\/wp\/v2\/types\/post"}],"author":[{"embeddable":true,"href":"https:\/\/sw-osterfeine.de\/index.php?rest_route=\/wp\/v2\/users\/3"}],"replies":[{"embeddable":true,"href":"https:\/\/sw-osterfeine.de\/index.php?rest_route=%2Fwp%2Fv2%2Fcomments&post=15639"}],"version-history":[{"count":2,"href":"https:\/\/sw-osterfeine.de\/index.php?rest_route=\/wp\/v2\/posts\/15639\/revisions"}],"predecessor-version":[{"id":15643,"href":"https:\/\/sw-osterfeine.de\/index.php?rest_route=\/wp\/v2\/posts\/15639\/revisions\/15643"}],"wp:attachment":[{"href":"https:\/\/sw-osterfeine.de\/index.php?rest_route=%2Fwp%2Fv2%2Fmedia&parent=15639"}],"wp:term":[{"taxonomy":"category","embeddable":true,"href":"https:\/\/sw-osterfeine.de\/index.php?rest_route=%2Fwp%2Fv2%2Fcategories&post=15639"},{"taxonomy":"post_tag","embeddable":true,"href":"https:\/\/sw-osterfeine.de\/index.php?rest_route=%2Fwp%2Fv2%2Ftags&post=15639"}],"curies":[{"name":"wp","href":"https:\/\/api.w.org\/{rel}","templated":true}]}}