{"id":15662,"date":"2016-01-19T08:23:32","date_gmt":"2016-01-19T07:23:32","guid":{"rendered":"http:\/\/sw-osterfeine.de\/?p=15662"},"modified":"2016-01-19T08:23:32","modified_gmt":"2016-01-19T07:23:32","slug":"mitgliederzahl-in-2015-erneut-gestiegen","status":"publish","type":"post","link":"https:\/\/sw-osterfeine.de\/?p=15662","title":{"rendered":"Mitgliederzahl in 2015 erneut gestiegen!"},"content":{"rendered":"<p style=\"text-align: center;\"><span style=\"font-size: 36pt;\"><strong>\u00a0\u00a0\u00a0\u00a0\u00a0<span style=\"text-decoration: underline;\">\u00a0 1\u00a0\u00a0 6\u00a0\u00a0 1 8<\/span><\/strong><\/span><\/p>\n<p><strong>\u00a0<\/strong><\/p>\n<p>Mitglieder sind zum Stichtag 1.1.2016 Mitglied im Sportverein Schwarz-Wei\u00df Osterfeine. Diese Zahl gaben jetzt Hans-G\u00fcnther H\u00f6nemann und Ulrich Lampe als Verantwortliche unserer Mitgliederverwaltung bekannt.<\/p>\n<p>Damit stieg auch im vergangenen Jahr unsere Mitgliederzahl nochmals leicht an. Besondere Gewichtung erh\u00e4lt diese Zahl, wenn man sie ins Verh\u00e4ltnis zur Einwohnerzahl von Osterfeine und R\u00fcschendorf und umzu setzt. Knappe 3000 Einwohner sind im Einzugsgebiert unseres Sportvereines wohnhaft.<\/p>\n<p>Der Sportverein SW Osterfeine bedankt sich ausdr\u00fccklich f\u00fcr den \u00fcberragenden Mitgliederzulauf und bem\u00fcht sich auch zuk\u00fcnftig, allen Mitgliedern eine sch\u00f6ne sportliche Heimat zu bieten.<\/p>\n","protected":false},"excerpt":{"rendered":"<p>\u00a0\u00a0\u00a0\u00a0\u00a0\u00a0 1\u00a0\u00a0 6\u00a0\u00a0 1 8 \u00a0 Mitglieder sind zum Stichtag 1.1.2016 Mitglied im Sportverein Schwarz-Wei\u00df Osterfeine. Diese Zahl gaben jetzt Hans-G\u00fcnther H\u00f6nemann und Ulrich Lampe als Verantwortliche unserer Mitgliederverwaltung bekannt. Damit stieg auch im vergangenen Jahr unsere Mitgliederzahl nochmals leicht an. Besondere Gewichtung erh\u00e4lt diese Zahl, wenn man sie ins Verh\u00e4ltnis zur Einwohnerzahl von Osterfeine [&hellip;]<\/p>\n","protected":false},"author":3,"featured_media":0,"comment_status":"closed","ping_status":"closed","sticky":false,"template":"","format":"standard","meta":{"footnotes":""},"categories":[37],"tags":[],"_links":{"self":[{"href":"https:\/\/sw-osterfeine.de\/index.php?rest_route=\/wp\/v2\/posts\/15662"}],"collection":[{"href":"https:\/\/sw-osterfeine.de\/index.php?rest_route=\/wp\/v2\/posts"}],"about":[{"href":"https:\/\/sw-osterfeine.de\/index.php?rest_route=\/wp\/v2\/types\/post"}],"author":[{"embeddable":true,"href":"https:\/\/sw-osterfeine.de\/index.php?rest_route=\/wp\/v2\/users\/3"}],"replies":[{"embeddable":true,"href":"https:\/\/sw-osterfeine.de\/index.php?rest_route=%2Fwp%2Fv2%2Fcomments&post=15662"}],"version-history":[{"count":1,"href":"https:\/\/sw-osterfeine.de\/index.php?rest_route=\/wp\/v2\/posts\/15662\/revisions"}],"predecessor-version":[{"id":15663,"href":"https:\/\/sw-osterfeine.de\/index.php?rest_route=\/wp\/v2\/posts\/15662\/revisions\/15663"}],"wp:attachment":[{"href":"https:\/\/sw-osterfeine.de\/index.php?rest_route=%2Fwp%2Fv2%2Fmedia&parent=15662"}],"wp:term":[{"taxonomy":"category","embeddable":true,"href":"https:\/\/sw-osterfeine.de\/index.php?rest_route=%2Fwp%2Fv2%2Fcategories&post=15662"},{"taxonomy":"post_tag","embeddable":true,"href":"https:\/\/sw-osterfeine.de\/index.php?rest_route=%2Fwp%2Fv2%2Ftags&post=15662"}],"curies":[{"name":"wp","href":"https:\/\/api.w.org\/{rel}","templated":true}]}}