{"id":15673,"date":"2016-01-21T09:58:51","date_gmt":"2016-01-21T08:58:51","guid":{"rendered":"http:\/\/sw-osterfeine.de\/?p=15673"},"modified":"2016-01-21T09:58:51","modified_gmt":"2016-01-21T08:58:51","slug":"christian-schiffbaenker-auch-in-der-saison-20162017-spielertrainer-bei-sw-osterfeine-i","status":"publish","type":"post","link":"https:\/\/sw-osterfeine.de\/?p=15673","title":{"rendered":"Christian Schiffb\u00e4nker auch in der Saison 2016\/2017 Spielertrainer bei SW Osterfeine I"},"content":{"rendered":"<p>Christian Schiffb\u00e4nker wird auch in der kommenden Serie die Mannschaft von Schwarz-Wei\u00df Osterfeine I trainieren. Auf die Fortsetzung der bislang sehr positiven Zusammenarbeit einigten sich in diesen Tagen Christian Schiffb\u00e4nker und die Verantwortlichen von SW Osterfeine.<\/p>\n<p>Doch bevor die Saison 2016\/2017 ins Auge gefasst wird, haben unsere Jungs um Spielertrainer Christian Schiffb\u00e4nker eine ganz schwere R\u00fcckrunde zu absolvieren. Das erste R\u00fcckrundenspiel findet am 28.2.2016 um 15.00 Uhr in Osterfeine gegen BV Garrel statt.<\/p>\n<p>Der Sportverein SW Osterfeine bedankt sich bei Schiffi f\u00fcr die bisherige Arbeit und freut sich auf die weitere Zusammenarbeit.<\/p>\n<p><a href=\"https:\/\/sw-osterfeine.de\/wp-content\/uploads\/2016\/01\/Schiffb\u00e4nker-Verl\u00e4ngerung.jpg\" data-rel=\"lightbox-image-0\" data-rl_title=\"\" data-rl_caption=\"\" title=\"\"><img loading=\"lazy\" decoding=\"async\" class=\"aligncenter size-medium wp-image-15674\" src=\"https:\/\/sw-osterfeine.de\/wp-content\/uploads\/2016\/01\/Schiffb\u00e4nker-Verl\u00e4ngerung-300x300.jpg\" alt=\"Schiffb\u00e4nker Verl\u00e4ngerung\" width=\"300\" height=\"300\" srcset=\"https:\/\/sw-osterfeine.de\/wp-content\/uploads\/2016\/01\/Schiffb\u00e4nker-Verl\u00e4ngerung-300x300.jpg 300w, https:\/\/sw-osterfeine.de\/wp-content\/uploads\/2016\/01\/Schiffb\u00e4nker-Verl\u00e4ngerung-150x150.jpg 150w, https:\/\/sw-osterfeine.de\/wp-content\/uploads\/2016\/01\/Schiffb\u00e4nker-Verl\u00e4ngerung.jpg 800w\" sizes=\"(max-width: 300px) 100vw, 300px\" \/><\/a><\/p>\n","protected":false},"excerpt":{"rendered":"<p>Christian Schiffb\u00e4nker wird auch in der kommenden Serie die Mannschaft von Schwarz-Wei\u00df Osterfeine I trainieren. Auf die Fortsetzung der bislang sehr positiven Zusammenarbeit einigten sich in diesen Tagen Christian Schiffb\u00e4nker und die Verantwortlichen von SW Osterfeine. Doch bevor die Saison 2016\/2017 ins Auge gefasst wird, haben unsere Jungs um Spielertrainer Christian Schiffb\u00e4nker eine ganz schwere [&hellip;]<\/p>\n","protected":false},"author":3,"featured_media":0,"comment_status":"closed","ping_status":"closed","sticky":false,"template":"","format":"standard","meta":{"footnotes":""},"categories":[3],"tags":[],"_links":{"self":[{"href":"https:\/\/sw-osterfeine.de\/index.php?rest_route=\/wp\/v2\/posts\/15673"}],"collection":[{"href":"https:\/\/sw-osterfeine.de\/index.php?rest_route=\/wp\/v2\/posts"}],"about":[{"href":"https:\/\/sw-osterfeine.de\/index.php?rest_route=\/wp\/v2\/types\/post"}],"author":[{"embeddable":true,"href":"https:\/\/sw-osterfeine.de\/index.php?rest_route=\/wp\/v2\/users\/3"}],"replies":[{"embeddable":true,"href":"https:\/\/sw-osterfeine.de\/index.php?rest_route=%2Fwp%2Fv2%2Fcomments&post=15673"}],"version-history":[{"count":2,"href":"https:\/\/sw-osterfeine.de\/index.php?rest_route=\/wp\/v2\/posts\/15673\/revisions"}],"predecessor-version":[{"id":15676,"href":"https:\/\/sw-osterfeine.de\/index.php?rest_route=\/wp\/v2\/posts\/15673\/revisions\/15676"}],"wp:attachment":[{"href":"https:\/\/sw-osterfeine.de\/index.php?rest_route=%2Fwp%2Fv2%2Fmedia&parent=15673"}],"wp:term":[{"taxonomy":"category","embeddable":true,"href":"https:\/\/sw-osterfeine.de\/index.php?rest_route=%2Fwp%2Fv2%2Fcategories&post=15673"},{"taxonomy":"post_tag","embeddable":true,"href":"https:\/\/sw-osterfeine.de\/index.php?rest_route=%2Fwp%2Fv2%2Ftags&post=15673"}],"curies":[{"name":"wp","href":"https:\/\/api.w.org\/{rel}","templated":true}]}}