{"id":15677,"date":"2016-01-21T10:06:28","date_gmt":"2016-01-21T09:06:28","guid":{"rendered":"http:\/\/sw-osterfeine.de\/?p=15677"},"modified":"2016-01-21T10:06:28","modified_gmt":"2016-01-21T09:06:28","slug":"franz-josef-ripke-auch-in-der-kommenden-saison-trainer-bei-sw-osterfeine-ii","status":"publish","type":"post","link":"https:\/\/sw-osterfeine.de\/?p=15677","title":{"rendered":"Franz-Josef Ripke auch in der kommenden Saison Trainer bei SW Osterfeine II"},"content":{"rendered":"<p>Nach der Verl\u00e4ngerung der Trainert\u00e4tigkeit von Christian Schiffb\u00e4nker bei SW Osterfeine I wurde in diesen Tagen nun auch die Verl\u00e4ngerung der Zusammenarbeit mit Franz-Josef Ripke als Trainer unserer II-Herrenmannschaft f\u00fcr die Serie 2016\/2017 vereinbart.<\/p>\n<p>Doch bevor es in die neue Serie geht, steht auch bei unserer Zweiten die anspruchsvolle R\u00fcckrunde der aktuellen Serie f\u00fcr Trainer und Mannschaft bevor.<\/p>\n<p>Der Sportverein SW Osterfeine bedankt sich ganz herzlich bei Seppl f\u00fcr die Zusage der weiteren Zusammenarbeit. Ebenso sagen wir Danke bei Seppl f\u00fcr die Unterst\u00fctzung beim Jugendtraining unserer D-II-Mannschaft.<\/p>\n<p><a href=\"https:\/\/sw-osterfeine.de\/wp-content\/uploads\/2016\/01\/IMG_9479.jpg\" data-rel=\"lightbox-image-0\" data-rl_title=\"\" data-rl_caption=\"\" title=\"\"><img loading=\"lazy\" decoding=\"async\" class=\"aligncenter size-medium wp-image-15679\" src=\"https:\/\/sw-osterfeine.de\/wp-content\/uploads\/2016\/01\/IMG_9479-200x300.jpg\" alt=\"IMG_9479\" width=\"200\" height=\"300\" srcset=\"https:\/\/sw-osterfeine.de\/wp-content\/uploads\/2016\/01\/IMG_9479-200x300.jpg 200w, https:\/\/sw-osterfeine.de\/wp-content\/uploads\/2016\/01\/IMG_9479.jpg 667w\" sizes=\"(max-width: 200px) 100vw, 200px\" \/><\/a><\/p>\n","protected":false},"excerpt":{"rendered":"<p>Nach der Verl\u00e4ngerung der Trainert\u00e4tigkeit von Christian Schiffb\u00e4nker bei SW Osterfeine I wurde in diesen Tagen nun auch die Verl\u00e4ngerung der Zusammenarbeit mit Franz-Josef Ripke als Trainer unserer II-Herrenmannschaft f\u00fcr die Serie 2016\/2017 vereinbart. Doch bevor es in die neue Serie geht, steht auch bei unserer Zweiten die anspruchsvolle R\u00fcckrunde der aktuellen Serie f\u00fcr Trainer [&hellip;]<\/p>\n","protected":false},"author":3,"featured_media":0,"comment_status":"closed","ping_status":"closed","sticky":false,"template":"","format":"standard","meta":{"footnotes":""},"categories":[3],"tags":[],"_links":{"self":[{"href":"https:\/\/sw-osterfeine.de\/index.php?rest_route=\/wp\/v2\/posts\/15677"}],"collection":[{"href":"https:\/\/sw-osterfeine.de\/index.php?rest_route=\/wp\/v2\/posts"}],"about":[{"href":"https:\/\/sw-osterfeine.de\/index.php?rest_route=\/wp\/v2\/types\/post"}],"author":[{"embeddable":true,"href":"https:\/\/sw-osterfeine.de\/index.php?rest_route=\/wp\/v2\/users\/3"}],"replies":[{"embeddable":true,"href":"https:\/\/sw-osterfeine.de\/index.php?rest_route=%2Fwp%2Fv2%2Fcomments&post=15677"}],"version-history":[{"count":1,"href":"https:\/\/sw-osterfeine.de\/index.php?rest_route=\/wp\/v2\/posts\/15677\/revisions"}],"predecessor-version":[{"id":15680,"href":"https:\/\/sw-osterfeine.de\/index.php?rest_route=\/wp\/v2\/posts\/15677\/revisions\/15680"}],"wp:attachment":[{"href":"https:\/\/sw-osterfeine.de\/index.php?rest_route=%2Fwp%2Fv2%2Fmedia&parent=15677"}],"wp:term":[{"taxonomy":"category","embeddable":true,"href":"https:\/\/sw-osterfeine.de\/index.php?rest_route=%2Fwp%2Fv2%2Fcategories&post=15677"},{"taxonomy":"post_tag","embeddable":true,"href":"https:\/\/sw-osterfeine.de\/index.php?rest_route=%2Fwp%2Fv2%2Ftags&post=15677"}],"curies":[{"name":"wp","href":"https:\/\/api.w.org\/{rel}","templated":true}]}}