{"id":15702,"date":"2016-01-25T11:25:28","date_gmt":"2016-01-25T10:25:28","guid":{"rendered":"http:\/\/sw-osterfeine.de\/?p=15702"},"modified":"2016-01-26T09:29:27","modified_gmt":"2016-01-26T08:29:27","slug":"tsg-burg-gretesch-wjb-1-20-23","status":"publish","type":"post","link":"https:\/\/sw-osterfeine.de\/?p=15702","title":{"rendered":"TSG Burg \u2013 Gretesch &#8211; WJB 1: 20 \u2013 23"},"content":{"rendered":"<p>Nach der Formkrise in den letzten zwei Spielen haben wir uns zusammengesetzt und Ursachenforschung betrieben. Als Resultat einigten wir uns als Team darauf, die Worte \u201eTabellenf\u00fchrung\u201c und \u201eMeisterschaft\u201c komplett aus unseren Planungen zu streichen und uns wieder ausschlie\u00dflich auf die sportliche Entwicklung und das Miteinander zu konzentrieren. Ich wollte s\u00e4mtlichen Druck von den Schultern des jungen Teams genommen wissen, denn der hat die M\u00e4dels sichtlich gehemmt! Aber im Training zogen wir die Z\u00fcgel an. Zusatzeinheiten, Konditionseinheiten und immer wieder \u201eDruck auf die Nahtstellen\u201c pr\u00e4gten die letzten zwei Wochen.<\/p>\n<p>Und ausgerechnet bei der so heimstarken TSG, die sich zu Hause bis dato nur Neuenhaus geschlagen geben musste, fanden wir zu alter Klasse. Die Abwehr stand sattelfest, sp\u00e4testens nach der Einwechslung von Elisa, die einen absoluten Sahnetag erwischte und in der Defensive absoluter \u201eLeader\u201c war. Offensiv bildete sie mit Vanessa eine gef\u00e4hrliche Fl\u00fcgelzange. Auch Torfrau Frauke zeigte einmal mehr ihre Extraklasse. Im Angriff spielten wir diesmal wesentlich mutiger und kreativer. Julia wusste den Druck und die daraus resultierenden L\u00fccken geschickt zu nutzen und machte gleich mal 10 Buden. Auch Hannah beschenkte sich einen Tag nach ihrem 16. Geburtstag selber, indem sie viel Verantwortung \u00fcbernahm und 4 Treffer erzielte, davon 3 sehenswerte Knaller in den Knick, teils sogar in Unterzahl. Ein Sonderlob gibt es zudem f\u00fcr unsere \u201eMaschine\u201c Anna W., die wieder 50 Minuten durchspielte und auf der rechten Defensivseite gemeinsam mit der gut aufgelegten Melissa aber auch gar nichts anbrennen lie\u00df.<\/p>\n<p><!--more--><\/p>\n<p>Wir haben zwar leider noch viel zu viele Gegenst\u00f6\u00dfe leichtfertig \u201everdaddelt\u201c, aber auch hier sind sehr gute Ans\u00e4tze erkennbar und wir sind auf dem richti-gen Weg. Von daher suche ich nicht nach dem Haar in der Suppe, sondern freue mich \u00fcber eine ganz tol-le Mannschaftsleistung und zwei nicht unbedingt eingeplante Ausw\u00e4rtspunkte.<\/p>\n<p>Jetzt liegen zwei Wochen harte Trainingsarbeit vor uns. Danach erwarten wir am Samstag den 06.02. um 14 Uhr den TV 01 Bohmte zum Heimspiel. Und da hoffen wir nat\u00fcrlich auf rege Unterst\u00fctzung unse-rer Fans, die uns auch in Gretesch wieder zahlreich den R\u00fccken st\u00e4rkten und auf die wir zum Endspurt der Saison bauen.<\/p>\n<p>&#8211; David Tabeling &#8211;<\/p>\n<p>&nbsp;<\/p>\n<p>&nbsp;<\/p>\n","protected":false},"excerpt":{"rendered":"<p>Nach der Formkrise in den letzten zwei Spielen haben wir uns zusammengesetzt und Ursachenforschung betrieben. Als Resultat einigten wir uns als Team darauf, die Worte \u201eTabellenf\u00fchrung\u201c und \u201eMeisterschaft\u201c komplett aus unseren Planungen zu streichen und uns wieder ausschlie\u00dflich auf die sportliche Entwicklung und das Miteinander zu konzentrieren. Ich wollte s\u00e4mtlichen Druck von den Schultern des [&hellip;]<\/p>\n","protected":false},"author":3,"featured_media":0,"comment_status":"closed","ping_status":"closed","sticky":false,"template":"","format":"standard","meta":{"footnotes":""},"categories":[1],"tags":[],"_links":{"self":[{"href":"https:\/\/sw-osterfeine.de\/index.php?rest_route=\/wp\/v2\/posts\/15702"}],"collection":[{"href":"https:\/\/sw-osterfeine.de\/index.php?rest_route=\/wp\/v2\/posts"}],"about":[{"href":"https:\/\/sw-osterfeine.de\/index.php?rest_route=\/wp\/v2\/types\/post"}],"author":[{"embeddable":true,"href":"https:\/\/sw-osterfeine.de\/index.php?rest_route=\/wp\/v2\/users\/3"}],"replies":[{"embeddable":true,"href":"https:\/\/sw-osterfeine.de\/index.php?rest_route=%2Fwp%2Fv2%2Fcomments&post=15702"}],"version-history":[{"count":3,"href":"https:\/\/sw-osterfeine.de\/index.php?rest_route=\/wp\/v2\/posts\/15702\/revisions"}],"predecessor-version":[{"id":15706,"href":"https:\/\/sw-osterfeine.de\/index.php?rest_route=\/wp\/v2\/posts\/15702\/revisions\/15706"}],"wp:attachment":[{"href":"https:\/\/sw-osterfeine.de\/index.php?rest_route=%2Fwp%2Fv2%2Fmedia&parent=15702"}],"wp:term":[{"taxonomy":"category","embeddable":true,"href":"https:\/\/sw-osterfeine.de\/index.php?rest_route=%2Fwp%2Fv2%2Fcategories&post=15702"},{"taxonomy":"post_tag","embeddable":true,"href":"https:\/\/sw-osterfeine.de\/index.php?rest_route=%2Fwp%2Fv2%2Ftags&post=15702"}],"curies":[{"name":"wp","href":"https:\/\/api.w.org\/{rel}","templated":true}]}}