{"id":15721,"date":"2016-01-28T15:26:11","date_gmt":"2016-01-28T14:26:11","guid":{"rendered":"http:\/\/sw-osterfeine.de\/?p=15721"},"modified":"2016-01-31T14:13:55","modified_gmt":"2016-01-31T13:13:55","slug":"skifreizeit-2","status":"publish","type":"post","link":"https:\/\/sw-osterfeine.de\/?p=15721","title":{"rendered":"Skifreizeit"},"content":{"rendered":"<p>In der Woche vor Ostern (19.-26.03.2016) wird erstmals eine Skifreizeit vom Sportverein in \u00d6sterreich im \u00d6tztal, einem ausgewiesenen Familienskigebiet stattfinden.<\/p>\n<p><strong>Wie ist die ganze Idee entstanden?<\/strong><\/p>\n<p>Frank B\u00f6ckmann hatte schon vor zwei Jahren die Idee, eine Skifreizeit \u00fcber den Verein stattfinden zu lassen. Die Idee ist ihm im eigenen Skiurlaub gekommen. Dabei konnte er schlie\u00dflich Christof Macke, selbst begeisterter Skifahrer, mit seiner Idee inspirieren und ihn so mit \u201eins Boot holen\u201c. Gemeinsam \u00fcberlegten die beiden nun, wie man das Ganze gestalten k\u00f6nne. An erster Stelle stand die Absprache mit dem 1. Vorsitzenden Bernard \u201eBubble\u201c Piening. Nach Einwilligung dessen konnte die Idee erstmals an die \u00d6ffentlichkeit gebracht werden. \u00dcber unsere vereinseigene Homepage wurde diese Idee einer Skifreizeit schlie\u00dflich Ende M\u00e4rz 2015 vorgestellt. Und: Die Idee fand Anklang. Nach knapp 1 \u00bd Monaten waren dann schon alle freien Pl\u00e4tze belegt. Vorgesehen waren zun\u00e4chst Pl\u00e4tze f\u00fcr 40 Personen. Allerdings war die Nachfrage so gro\u00df, dass die Personenzahl erh\u00f6ht wurde. 63 Personen werden nun an der Skifreizeit im M\u00e4rz teilnehmen. Und die Tendenz ist sogar noch steigend aufgrund der Nachfragen. Von den 63 Teilnehmern sind 31 Personen unter 16 Jahre alt. Dabei ist der J\u00fcngste gerade mal 4 Jahre alt und der \u00c4lteste 57.<\/p>\n<p>Um die Teilnehmer \u00fcber das Hotel, Preise und allgemein das Skigebiet zu informieren haben Christof und Frank Ende April 2015 eine Infoveranstaltung im Clubraum gegeben. Christof hat s\u00e4mtliche Infos rausgesucht und sa\u00df dabei teilweise bis sp\u00e4t in die Nacht vorm PC. Schlie\u00dflich mussten Preise herausgefunden und verglichen, das Hotel sowie Skikurse gebucht und der Verleih von Skisachen gekl\u00e4rt werden. Rund 200 Mails wurden hin und hergeschickt bis alles seine Richtigkeit hatte. Sowohl Christof, als auch Frank haben sich vor Ort ein Bild von dem Hotel gemacht, sodass die beiden jetzt sicher sagen k\u00f6nnen, dass sie eine gute Wahl bez\u00fcglich des Hotels getroffen haben.<!--more--><\/p>\n<p>N\u00e4chtigen werden die Teilnehmer und nat\u00fcrlich die beiden Organisatoren Frank und Christof im Hotel J\u00e4gerhof in Oetz. Das Hotel hat 81 Betten, wovon alleine 52 Betten von Osterfeinern\/Dammern belegt sind. Teilweise wird sogar ein zus\u00e4tzliches Bett mit in das Zimmer gestellt. Sogar 30 Personen aus M\u00fchlen und eine weitere Familie aus Osterfeine sind zur gleichen Zeit in Oetz.\u00a0 Man k\u00f6nnte also schon sagen, dass die Gegend in fester Hand ist. Einige wenige Teilnehmer werden in einer Pension schlafen. Das Hotel liegt ca. 1,5 km von der Talstation Lift entfernt und kann mit einem Bus gut erreicht werden.<\/p>\n<p>Die gr\u00f6\u00dfte Herausforderung sahen Christof und Frank in der Zimmereinteilung: Zur Verf\u00fcgung standen Doppel- bis 5-Bett-Zimmer, in die Familien, Einzelpersonen und Paare aufgeteilt werden mussten. Letztendlich hat aber jede Person einen Schlafplatz erhalten.<\/p>\n<p>Gespannt sind die beiden, wie es laufen wird und ob alles einwandfrei klappt. R\u00fcckmeldungen ob die Skifreizeit gut angekommen ist sind also erw\u00fcnscht. Vor allem weil die \u00dcberlegung, das Ganze noch einmal zu organisieren schon im Raume steht.<\/p>\n<p>&nbsp;<\/p>\n<p>Vorab geht schon einmal ein gro\u00dfes Dankesch\u00f6n an unsere beiden Organisatoren, die viel Zeit in die Planung der Skifreizeit investiert und diese generell erstmals m\u00f6glich gemacht haben. Des Weiteren danken wir Dawid Wadulla, der einen Skigymnastikkurs f\u00fcr alle Interessierten er\u00f6ffnet hat. In diesem Kurs k\u00f6nnen vor allem die unerfahrenen Teilnehmer wissenswertes \u00fcber das Skifahren erlernen.<\/p>\n<p>&nbsp;<\/p>\n<p>Wir w\u00fcnschen allen Teilnehmern und nat\u00fcrlich besonders Frank und Christof vorab schon einmal eine sch\u00f6ne Zeit in \u00d6sterreich. Sammelt viele neue Eindr\u00fccke und kommt alle heile wieder hier in Osterfeine an.<\/p>\n<p>&nbsp;<\/p>\n<p>&#8211; M. gr. Osterhues-<\/p>\n<p>&nbsp;<\/p>\n<p>&nbsp;<\/p>\n<p>&nbsp;<\/p>\n","protected":false},"excerpt":{"rendered":"<p>In der Woche vor Ostern (19.-26.03.2016) wird erstmals eine Skifreizeit vom Sportverein in \u00d6sterreich im \u00d6tztal, einem ausgewiesenen Familienskigebiet stattfinden. Wie ist die ganze Idee entstanden? Frank B\u00f6ckmann hatte schon vor zwei Jahren die Idee, eine Skifreizeit \u00fcber den Verein stattfinden zu lassen. Die Idee ist ihm im eigenen Skiurlaub gekommen. Dabei konnte er schlie\u00dflich [&hellip;]<\/p>\n","protected":false},"author":3,"featured_media":0,"comment_status":"closed","ping_status":"closed","sticky":false,"template":"","format":"standard","meta":{"footnotes":""},"categories":[37],"tags":[],"_links":{"self":[{"href":"https:\/\/sw-osterfeine.de\/index.php?rest_route=\/wp\/v2\/posts\/15721"}],"collection":[{"href":"https:\/\/sw-osterfeine.de\/index.php?rest_route=\/wp\/v2\/posts"}],"about":[{"href":"https:\/\/sw-osterfeine.de\/index.php?rest_route=\/wp\/v2\/types\/post"}],"author":[{"embeddable":true,"href":"https:\/\/sw-osterfeine.de\/index.php?rest_route=\/wp\/v2\/users\/3"}],"replies":[{"embeddable":true,"href":"https:\/\/sw-osterfeine.de\/index.php?rest_route=%2Fwp%2Fv2%2Fcomments&post=15721"}],"version-history":[{"count":4,"href":"https:\/\/sw-osterfeine.de\/index.php?rest_route=\/wp\/v2\/posts\/15721\/revisions"}],"predecessor-version":[{"id":15730,"href":"https:\/\/sw-osterfeine.de\/index.php?rest_route=\/wp\/v2\/posts\/15721\/revisions\/15730"}],"wp:attachment":[{"href":"https:\/\/sw-osterfeine.de\/index.php?rest_route=%2Fwp%2Fv2%2Fmedia&parent=15721"}],"wp:term":[{"taxonomy":"category","embeddable":true,"href":"https:\/\/sw-osterfeine.de\/index.php?rest_route=%2Fwp%2Fv2%2Fcategories&post=15721"},{"taxonomy":"post_tag","embeddable":true,"href":"https:\/\/sw-osterfeine.de\/index.php?rest_route=%2Fwp%2Fv2%2Ftags&post=15721"}],"curies":[{"name":"wp","href":"https:\/\/api.w.org\/{rel}","templated":true}]}}