{"id":15725,"date":"2016-01-31T14:01:36","date_gmt":"2016-01-31T13:01:36","guid":{"rendered":"http:\/\/sw-osterfeine.de\/?p=15725"},"modified":"2016-02-09T14:01:08","modified_gmt":"2016-02-09T13:01:08","slug":"osv-news-osv-news","status":"publish","type":"post","link":"https:\/\/sw-osterfeine.de\/?p=15725","title":{"rendered":"OSV-News!!! OSV-News!!!"},"content":{"rendered":"<p><strong>Anbau Umkleidekabine geht voran. <br \/>\n <\/strong><\/p>\n<p>In den vergangenen Tagen wurden die Au\u00dfenarbeiten an unseren neuen Umkleidekabinen abgeschlossen. Die Fenster wurden eingebaut, das Dach ist dicht und nun geht es hoffentlich mit Tempo bei den Innenarbeiten weiter, denn die Zeit dr\u00e4ngt. Den Termin des OM-Cups k\u00f6nnen wir nicht aufschieben, also m\u00fcssen mir uns ranhalten und alle Arbeiten p\u00fcnktlich beendet haben.<strong> <br \/>\n <\/strong><\/p>\n<p><strong>Erste Herren trainiert auf Kunstrasen. <br \/>\n <\/strong><\/p>\n<p>Das Tauwetter der vergangenen Tage und der einsetzende Regen lie\u00dfen ein Training unserer 1. Herren auf den Sportpl\u00e4tzen in Osterfeine und R\u00fcschendorf nicht zu.Gerade die auf uns wartende Austragung des OM-Cups erfordert in den n\u00e4chsten Wochen eine Schonung unserer Rasenfl\u00e4chen, damit der OM-Cup nicht auf einem Acker stattfinden muss. Daher m\u00f6chten wir uns recht herzlich bei unserem Vereinsnachbarn RW Damme f\u00fcr die zur Verf\u00fcgung Stellung des Kunstrasenplatzes bedanken.<\/p>\n<p><strong>Hansi Lapke koordiniert Platzbelegung. <br \/>\n <\/strong><\/p>\n<p>Mit Beginn des neuen Jahres liegt die Koordinierung der Platzbelegung ausschlie\u00dflich in einer Hand. Hans-J\u00fcrgen Lapke koordiniert zuk\u00fcnftig die Verteilung der Pl\u00e4tze f\u00fcr Training und Spiel. <br \/>\n<!--more--><\/p>\n<p><strong>EX-OSV-Trainer in der Kreisstadt t\u00e4tig. <br \/>\n <\/strong><\/p>\n<p>Nachdem Ex-OSV-Trainer Paul Jaschke bereits im vergangenen Jahr das Traineramt bei SFN Vechta \u00fcbernahm, ist ab der neuen Spielserie auch unser ehemaliger Coach Alket Zeqo in der Stadt Vechta gelandet und zwar als Cheftrainer beim Landesligisten VFL Oythe. Der Sportverein SW Osterfeine w\u00fcnscht beiden Ex-Trainern viel Spa\u00df und Erfolg bei ihren neuen sportlichen Herausforderungen. <\/p>\n<p><strong>Bernhard Kohake ist unser \u00e4ltestes Mitglied. <br \/>\n <\/strong><\/p>\n<p>Bereits an anderer Stelle konnten wir ein neuerliches Ansteigen unserer Mitgliederzahl auf 1618 Mitglieder vermelden. Ein etwas detaillierterer Blick in unsere Mitgliederstatistik brachte hervor, dass Bernhard Kohake unser derzeit \u00e4ltestes Vereinsmitglied ist. Bernard Kohake feiert in diesen Tagen seinen 94. Geburtstag und ist vielen OSVern durch seine tatkr\u00e4ftige Unterst\u00fctzung unseres Vereines bekannt. Mit Ida und Alwine Fangmann belegen 2 Frauen die n\u00e4chsten Pl\u00e4tze, die beide in besonderer Weise mit unserem Verein verbunden waren und noch sind.<\/p>\n<p><strong>Trainer gesucht: <br \/>\n <\/strong><\/p>\n<p>Sowohl unsere Fu\u00dfballer als auch unsere Handballerinnen begeben sich in den n\u00e4chsten Wochen neben dem normalen Spielbetrieb auf die Suche nach Trainern und Betreuern f\u00fcr unsere zahlreichen Senioren- und Jugendmannschaften. Wer Interesse an der Jugendarbeit in einem Sportverein hat, m\u00f6ge sich bitte bei den Verantwortlichen in unserem Verein melden. Nur durch ehrenamtliches Engagement kann ein Verein wie SW Osterfeine auch zuk\u00fcnftig existieren und eine gute Basis f\u00fcr unsere heranwachsenden Kinder und Jugendlichen bieten. Nur wenn Erwachsene es mit ihrer Tatkraft vormachen, werden unsere Kinder sp\u00e4ter den richtigen Weg im Leben einschlagen k\u00f6nnen.<strong> <br \/>\n <\/strong><\/p>\n<p><strong>Alle OSV-Teams in den Fairnesstabellen top. <br \/>\n <\/strong><\/p>\n<p>Ein Blick der OV-Sportredaktion auf die Fairnesstabellen der h\u00f6her spielenden Mannschaften zeigte, dass unsere 1.Herren einen sehr guten Platz ohne Platzverweis in der Fairnesstabelle der Bezirksliga belegt. Kompliment daf\u00fcr an die Jungs von Spielertrainer Christian Schiffb\u00e4nker. Doch nicht nur unsere Erste Herren, sondern auch alle anderen Teams von SW Osterfeine blieben in der Hinrunde ohne jeglichen Platzverweis und belegen f\u00fchrende Pl\u00e4tze in den jeweiligen Fairnesstabellen.<strong> <br \/>\n <\/strong><\/p>\n<p><strong>Erste Herren\u00a0\u00a0\u00a0\u00a0\u00a0\u00a0\u00a0\u00a0\u00a0 : Platz\u00a0\u00a0 3<\/strong><\/p>\n<p><strong>Zweite Herren\u00a0\u00a0\u00a0\u00a0\u00a0\u00a0 : Platz\u00a0\u00a0 2<\/strong><\/p>\n<p><strong>Dritte Herren\u00a0\u00a0\u00a0\u00a0\u00a0\u00a0\u00a0\u00a0 : Platz\u00a0\u00a0 5<\/strong><\/p>\n<p><strong>A-Jugend\u00a0\u00a0\u00a0\u00a0\u00a0\u00a0\u00a0\u00a0\u00a0\u00a0\u00a0\u00a0\u00a0\u00a0\u00a0\u00a0 : Platz\u00a0\u00a0 4 <br \/>\n <\/strong><\/p>\n<p>Hierf\u00fcr ein gro\u00dfes Kompliment an unsere Trainer und unsere Aktiven. Ein tolles Resultat, womit sicherlich nicht unbedingt gerechnet werden konnte. Es w\u00e4re sch\u00f6n, wenn diese Bilanz in der R\u00fcckrunde weiterhin aufrecht erhalten werden kann.<strong> <br \/>\n <\/strong><\/p>\n<p><strong>David Wadulla leitet Skigymnastikkurs. <br \/>\n <\/strong><\/p>\n<p>Immer n\u00e4her r\u00fcckt die erste Skifreizeit von SW Osterfeine in der Osterwoche. Damit auch alle 70 Teilnehmer in einer Topform in \u00d6sterreich ankommen, bietet David Wadulla seit einigen Wochen am Freitagabend einen Skigymnastikkurs f\u00fcr alle Teilnehmer an. Nach den Carnevalstagen wird es nun f\u00fcr alle Teilnehmer Zeit gut vorbereitet auf den Skiern zu stehen. In lustiger Form sorgt Dawid Wadulla f\u00fcr Fitness und bei Bedarf auch immer wieder gerne f\u00fcr reichlich Muskelkaten bei den Teilnehmern, die bisher ihre St\u00e4rken im Apres Ski sahen. Also nix wie hin.<\/p>\n<p>&nbsp;<\/p>\n","protected":false},"excerpt":{"rendered":"<p>Anbau Umkleidekabine geht voran. In den vergangenen Tagen wurden die Au\u00dfenarbeiten an unseren neuen Umkleidekabinen abgeschlossen. Die Fenster wurden eingebaut, das Dach ist dicht und nun geht es hoffentlich mit Tempo bei den Innenarbeiten weiter, denn die Zeit dr\u00e4ngt. Den Termin des OM-Cups k\u00f6nnen wir nicht aufschieben, also m\u00fcssen mir uns ranhalten und alle Arbeiten [&hellip;]<\/p>\n","protected":false},"author":3,"featured_media":0,"comment_status":"closed","ping_status":"closed","sticky":false,"template":"","format":"standard","meta":{"footnotes":""},"categories":[37],"tags":[],"_links":{"self":[{"href":"https:\/\/sw-osterfeine.de\/index.php?rest_route=\/wp\/v2\/posts\/15725"}],"collection":[{"href":"https:\/\/sw-osterfeine.de\/index.php?rest_route=\/wp\/v2\/posts"}],"about":[{"href":"https:\/\/sw-osterfeine.de\/index.php?rest_route=\/wp\/v2\/types\/post"}],"author":[{"embeddable":true,"href":"https:\/\/sw-osterfeine.de\/index.php?rest_route=\/wp\/v2\/users\/3"}],"replies":[{"embeddable":true,"href":"https:\/\/sw-osterfeine.de\/index.php?rest_route=%2Fwp%2Fv2%2Fcomments&post=15725"}],"version-history":[{"count":5,"href":"https:\/\/sw-osterfeine.de\/index.php?rest_route=\/wp\/v2\/posts\/15725\/revisions"}],"predecessor-version":[{"id":15764,"href":"https:\/\/sw-osterfeine.de\/index.php?rest_route=\/wp\/v2\/posts\/15725\/revisions\/15764"}],"wp:attachment":[{"href":"https:\/\/sw-osterfeine.de\/index.php?rest_route=%2Fwp%2Fv2%2Fmedia&parent=15725"}],"wp:term":[{"taxonomy":"category","embeddable":true,"href":"https:\/\/sw-osterfeine.de\/index.php?rest_route=%2Fwp%2Fv2%2Fcategories&post=15725"},{"taxonomy":"post_tag","embeddable":true,"href":"https:\/\/sw-osterfeine.de\/index.php?rest_route=%2Fwp%2Fv2%2Ftags&post=15725"}],"curies":[{"name":"wp","href":"https:\/\/api.w.org\/{rel}","templated":true}]}}