{"id":15735,"date":"2016-02-06T16:14:49","date_gmt":"2016-02-06T15:14:49","guid":{"rendered":"http:\/\/sw-osterfeine.de\/?p=15735"},"modified":"2016-02-06T16:14:49","modified_gmt":"2016-02-06T15:14:49","slug":"i-herren-verliert-1-vorbereitungsspiel-mit-32-in-gm-huette","status":"publish","type":"post","link":"https:\/\/sw-osterfeine.de\/?p=15735","title":{"rendered":"I-Herren verliert 1. Vorbereitungsspiel mit 3:2 in GM-H\u00fctte."},"content":{"rendered":"<p>Nach Soccerhalle, Schneetraining, Kunstrasen bei RWD, 2 Freundschaftsspielausf\u00e4llen gegen SC 03 Melle und 2 Matschtrainingseinheiten nach Carneval konnte unsere I-Herrenmannschaft am Freitag endlich wieder ein richtiges Fu\u00dfballspiel bestreiten. Auf dem Kunstrasenplatz in GM-H\u00fctte traf unsere Mannschaft auf einen erwartet spielstarken Gegner. Wie \u00fcblich in der Vorbereitung fehlten bei beiden Mannschaften einige Spieler \u2013 bei SWO waren das: Maxi St\u00e4rk, Hannes Rohe, Steffen Kreymborg, Steffen Breitenstein und Alexander Beiderhake -, dennoch entwickelte sich ein gutes und taktisch gepr\u00e4gtes Spiel. Die 1. H\u00e4lfte ging mit 1:0 an SW Osterfeine durch ein Kopfballtor von Youngster Freddy Lampe nach toller Vorlage von Spielertrainer Christian Schiffb\u00e4nker. Kompliment an Freddy, der ein ordentliches Spiel auf ungewohnter Position lieferte. Nach einigen Wechseln zur Halbzeit geriert unsere Mannschaft nach der Pause schnell mit 2:1 in R\u00fcckstand, konnte dann aber durch Philipp Rusche nach tollem Pass von Julian St\u00f6ppelmann ausgleichen, um dann zum Schluss noch den Treffer zur Niederlage zu kassieren. Auch unser zweiter Youngster Julian St\u00f6ppelmann konnte, wie in der ganzen Vorbereitung bisher, in H\u00fctte gefallen.<!--more--><\/p>\n<p>Das wichtigste Ziel dieser Begegnung wurde erreicht, ging es doch prim\u00e4r um die Gewinnung von Spielpraxis auf einem richtigen Platz. Doch das Spiel zeigte auch, dass der Trainingszustand der R\u00fcckrundenvorbereitung aus diversen Gr\u00fcnden wie Studium und Beruf in der Mannschaft doch noch gro\u00dfe Unterschiede aufweist. Es gilt nun dringend diese Defizite schnell auszugleichen, denn der Punktspielstart kommt nun n\u00e4her und n\u00e4her. Am 28.2.2016 erwartet unsere Mannschaft mit dem BV Garrel gleich ein Hammerspiel von enormer Wichtigkeit. In den n\u00e4chsten Wochen m\u00fcssen unsere Jungs in der Vorbereitung alles in die Waagschale werfen, um topfit und mannschaftlich ausgeglichen in die R\u00fcckrunde zu gehen. Zahlreiche Konkurrenten haben die Winterpause \u2013 oder mittlerweile besser Transferphase II \u2013 zur Einkaufstour genutzt, was die Aufgabe f\u00fcr unsere Mannschaft noch weiter erschwert. <\/p>\n<p><strong>Am Mittwoch soll es um 19.00 Uhr in Osterfeine gegen Schiffi`s bisherige Mannschaft VFL Osnabr\u00fcck II<\/strong><\/p>\n<p>mit der Vorbereitung weitergehen. Der Oberligist belegt einen guten 5. Tabellenplatz und stellt sicherlich eine besondere Herausforderung f\u00fcr unsere Jungs dar. Trainiert wird die Mannschaft vom Ex-Profi Marko Tredup. Spieler und Zuschauer d\u00fcrfen sich sicherlich auf ein interessantes Spiel freuen und der OSV bedankt sich schon heute f\u00fcr die Freundschaftsspielzusage vom VFL II hier in Osterfeine.<\/p>\n","protected":false},"excerpt":{"rendered":"<p>Nach Soccerhalle, Schneetraining, Kunstrasen bei RWD, 2 Freundschaftsspielausf\u00e4llen gegen SC 03 Melle und 2 Matschtrainingseinheiten nach Carneval konnte unsere I-Herrenmannschaft am Freitag endlich wieder ein richtiges Fu\u00dfballspiel bestreiten. Auf dem Kunstrasenplatz in GM-H\u00fctte traf unsere Mannschaft auf einen erwartet spielstarken Gegner. Wie \u00fcblich in der Vorbereitung fehlten bei beiden Mannschaften einige Spieler \u2013 bei SWO [&hellip;]<\/p>\n","protected":false},"author":3,"featured_media":0,"comment_status":"closed","ping_status":"closed","sticky":false,"template":"","format":"standard","meta":{"footnotes":""},"categories":[3],"tags":[],"_links":{"self":[{"href":"https:\/\/sw-osterfeine.de\/index.php?rest_route=\/wp\/v2\/posts\/15735"}],"collection":[{"href":"https:\/\/sw-osterfeine.de\/index.php?rest_route=\/wp\/v2\/posts"}],"about":[{"href":"https:\/\/sw-osterfeine.de\/index.php?rest_route=\/wp\/v2\/types\/post"}],"author":[{"embeddable":true,"href":"https:\/\/sw-osterfeine.de\/index.php?rest_route=\/wp\/v2\/users\/3"}],"replies":[{"embeddable":true,"href":"https:\/\/sw-osterfeine.de\/index.php?rest_route=%2Fwp%2Fv2%2Fcomments&post=15735"}],"version-history":[{"count":3,"href":"https:\/\/sw-osterfeine.de\/index.php?rest_route=\/wp\/v2\/posts\/15735\/revisions"}],"predecessor-version":[{"id":15738,"href":"https:\/\/sw-osterfeine.de\/index.php?rest_route=\/wp\/v2\/posts\/15735\/revisions\/15738"}],"wp:attachment":[{"href":"https:\/\/sw-osterfeine.de\/index.php?rest_route=%2Fwp%2Fv2%2Fmedia&parent=15735"}],"wp:term":[{"taxonomy":"category","embeddable":true,"href":"https:\/\/sw-osterfeine.de\/index.php?rest_route=%2Fwp%2Fv2%2Fcategories&post=15735"},{"taxonomy":"post_tag","embeddable":true,"href":"https:\/\/sw-osterfeine.de\/index.php?rest_route=%2Fwp%2Fv2%2Ftags&post=15735"}],"curies":[{"name":"wp","href":"https:\/\/api.w.org\/{rel}","templated":true}]}}