{"id":15745,"date":"2016-02-09T09:29:14","date_gmt":"2016-02-09T08:29:14","guid":{"rendered":"http:\/\/sw-osterfeine.de\/?p=15745"},"modified":"2016-02-09T09:29:14","modified_gmt":"2016-02-09T08:29:14","slug":"spielausfall-sw-osterfeine-gegen-vfl-osnabrueck","status":"publish","type":"post","link":"https:\/\/sw-osterfeine.de\/?p=15745","title":{"rendered":"Spielausfall SW Osterfeine gegen VFL Osnabr\u00fcck"},"content":{"rendered":"<p>Das geplante Vorbereitungsspiel unserer 1. Herren-Mannschaft gegen den VFL Osnabr\u00fcck, das am Mittwoch um 19 Uhr stattfinden sollte, entf\u00e4llt.<\/p>\n<p>&nbsp;<\/p>\n","protected":false},"excerpt":{"rendered":"<p>Das geplante Vorbereitungsspiel unserer 1. Herren-Mannschaft gegen den VFL Osnabr\u00fcck, das am Mittwoch um 19 Uhr stattfinden sollte, entf\u00e4llt. &nbsp;<\/p>\n","protected":false},"author":3,"featured_media":0,"comment_status":"closed","ping_status":"closed","sticky":false,"template":"","format":"standard","meta":{"footnotes":""},"categories":[3],"tags":[],"_links":{"self":[{"href":"https:\/\/sw-osterfeine.de\/index.php?rest_route=\/wp\/v2\/posts\/15745"}],"collection":[{"href":"https:\/\/sw-osterfeine.de\/index.php?rest_route=\/wp\/v2\/posts"}],"about":[{"href":"https:\/\/sw-osterfeine.de\/index.php?rest_route=\/wp\/v2\/types\/post"}],"author":[{"embeddable":true,"href":"https:\/\/sw-osterfeine.de\/index.php?rest_route=\/wp\/v2\/users\/3"}],"replies":[{"embeddable":true,"href":"https:\/\/sw-osterfeine.de\/index.php?rest_route=%2Fwp%2Fv2%2Fcomments&post=15745"}],"version-history":[{"count":1,"href":"https:\/\/sw-osterfeine.de\/index.php?rest_route=\/wp\/v2\/posts\/15745\/revisions"}],"predecessor-version":[{"id":15746,"href":"https:\/\/sw-osterfeine.de\/index.php?rest_route=\/wp\/v2\/posts\/15745\/revisions\/15746"}],"wp:attachment":[{"href":"https:\/\/sw-osterfeine.de\/index.php?rest_route=%2Fwp%2Fv2%2Fmedia&parent=15745"}],"wp:term":[{"taxonomy":"category","embeddable":true,"href":"https:\/\/sw-osterfeine.de\/index.php?rest_route=%2Fwp%2Fv2%2Fcategories&post=15745"},{"taxonomy":"post_tag","embeddable":true,"href":"https:\/\/sw-osterfeine.de\/index.php?rest_route=%2Fwp%2Fv2%2Ftags&post=15745"}],"curies":[{"name":"wp","href":"https:\/\/api.w.org\/{rel}","templated":true}]}}