{"id":15750,"date":"2016-02-09T10:02:56","date_gmt":"2016-02-09T09:02:56","guid":{"rendered":"http:\/\/sw-osterfeine.de\/?p=15750"},"modified":"2016-02-09T10:55:23","modified_gmt":"2016-02-09T09:55:23","slug":"1-f-jugend-sichert-sich-hallenkreismeistertitel-in-der-leistungsklasse-2","status":"publish","type":"post","link":"https:\/\/sw-osterfeine.de\/?p=15750","title":{"rendered":"1.F-Jugend sichert sich Hallenkreismeistertitel in der Leistungsklasse 2"},"content":{"rendered":"<p>Einen tollen Erfolg konnte die von Hansi Lapke und Wolfgang Jacob trainierte 1. F-Jugendmannschaft von Schwarz-Wei\u00df Osterfeine am Sonntag nach Karneval feiern. In einem spannenden Turnier setzte sich das Team gl\u00fccklich, aber auch nicht ganz unverdient, im Siebenmeterschie\u00dfen gegen ein starkes Team von Arminia Rechterfeld mit 4:3 Toren durch.<\/p>\n<p>Nachdem sich die Mannschaft in zwei Vorrundenspieltagen in der Sporthalle in Neuenkirchen mit 37:1 Toren und der Maximalpunktzahl von 30 Punkten sehr souver\u00e4n gegen f\u00fcnf weitere Mannschaften durchsetzen konnte, trafen zur Endrunde 1 der Leistungsklasse 2 die vier Staffelsieger und die zwei besten Zweitplatzierten der Vorrunde in unserer Sporthalle aufeinander. F\u00fcr diese Endrunde qualifizierten sich neben unserem Team die Mannschaften von Lohne 2, Rechterfeld 1 und Langf\u00f6rden 1 als jeweilige Staffelsieger, sowie die Mannschaften von Dinklage 2 und Lohne 3 als beste Zweitplatzierte.<!--more--><\/p>\n<p>Endrundenverlauf:<\/p>\n<p>Unsere Mannschaft musste sich im ersten Spiel mit der Mannschaft aus Langf\u00f6rden messen. Lange blieb es beim Stand von 0:0, wobei beide Mannschaften mehrere gute Einschussm\u00f6glichkeiten besa\u00dfen. Kurz vor dem Ende gelang jedoch das entscheidende 1:0 f\u00fcr SWO und der Start in diese Endrunde war somit gegl\u00fcckt.<\/p>\n<p>Im zweiten Spiel dominierte unsere Mannschaft das Team von Lohne 2 klar und gewann deutlich mit 5:0 Toren.<\/p>\n<p>Im dritten Spiel kam es dann bereits zum spannenden Aufeinandertreffen mit der bis dahin ebenfalls ungeschlagenen Mannschaft aus Rechterfeld. Vom Ansto\u00df weg gelang der Arminia gleich der F\u00fchrungstreffer. Trotz des fr\u00fchen R\u00fcckstandes lie\u00df sich unsere Mannschaft jedoch nicht aus der Ruhe bringen und k\u00e4mpfte sich immer mehr in die Partie. Dieses wurde schlie\u00dflich auch mit dem verdienten 1:1 belohnt, welches auch den Endstand in dieser Partie bedeutete.<\/p>\n<p>Im vorletzten Spiel gegen Lohne 3 wollte man nun den weiteren Weg in dieser Endrunde ebnen. Jedoch tat man sich sehr schwer gegen eine gut k\u00e4mpfende Lohner Mannschaft. Trotz mehrerer, gut herausgespielter Einschusschancen, blieb man vor dem Tor ohne richtige Durchschlagskraft und so kam es, wie es kommen musste ..\u2026pl\u00f6tzlich lag man mit 0:1 zur\u00fcck. Gl\u00fccklicherweise gelang drei Minuten vor dem Ende der Ausgleich, doch ein Sieg sprang nicht mehr heraus.<\/p>\n<p>Nun musste man abwarten, wie sich die Mannschaft des sch\u00e4rfsten Konkurrenten aus Rechterfeld schlug. Aber auch dieses Team bekam pl\u00f6tzlich erhebliche Schwierigkeiten mit der stark aufspielenden Mannschaft von Dinklage 2, sodass es auch hier eine Punkteteilung gab.<\/p>\n<p>Der weitere Endrundenverlauf war somit weiter v\u00f6llig offen und auch die Mannschaft von Dinklage 2 hatte sich mit der gleichen Punktzahl an die Mannschaften aus Rechterfeld und Osterfeine herangearbeitet. Alle drei Mannschaften hatten somit noch die Chance sich den Titel zu sichern.<\/p>\n<p>Im letzten Spiel musste unsere Mannschaft dann gerade gegen diese Dinklager Mannschaft antreten. Von Beginn an gingen unsere Spieler engagiert und konzentriert in die Partie und man traf schon fr\u00fch zweimal in den gegnerischen Kasten. Auch nach dem Anschlusstreffer der Dinklager konnte man insbesondere auch spielerisch \u00fcberzeugen und traf zum 3:1 Endstand. Damit \u00fcbernahm man zun\u00e4chst die Tabellenf\u00fchrung, jedoch musste das Team aus Rechterfeld noch gegen die Mannschaft aus Langf\u00f6rden antreten. Durch das bis dahin gute Torverh\u00e4ltnis unserer Mannschaft war die Arminia unter Zugzwang, denn man musste dieses Spiel mindestens mit zwei Toren Unterschied gewinnen.<\/p>\n<p>Gegen eine tapfer k\u00e4mpfende Langf\u00f6rdener Mannschaft tat sich die Arminia trotz klarer Feldvorteile sehr schwer. Immer wieder stand der Torh\u00fcter der Langf\u00f6rdener oder der Pfosten dem F\u00fchrungstreffer im Weg. Zwei Minuten vor dem Ende dann die verdiente 1:0 F\u00fchrung f\u00fcr Rechterfeld. Aber das reichte ja noch nicht. 45 Sekunden vor dem Abpfiff lag der Ball dann aber zum zweiten Mal im Netz des Gegners und das bedeute, dass es zwei Tabellenf\u00fchrer gab.<\/p>\n<p>Sowohl die Arminia aus Rechterfeld, als auch unsere Mannschaft von SWO hatten 11 Punkte gesammelt und dabei jeder 11:3 Tore erzielt. Da auch der direkte Vergleich mit einem Remis geendet hatte, musste die Entscheidung im Siebenmeterschie\u00dfen mit jeweils f\u00fcnf Sch\u00fctzen fallen.<\/p>\n<p>Nach zwei Fehlsch\u00fcssen von Rechterfeld und einem Lattentreffer unserer Mannschaft trat Eduard Rakk zum letzten Siebenmeter an und konnte den Ball im Tor unterbringen. Danach brachen bei unserer Mannschaft alle D\u00e4mme \u2026. anders konnte man die Situation nicht beschreiben. Im gro\u00dfen Kreis wurde geh\u00fcpft, geschrien und gelacht. Es gab die \u201eLa Ola-Welle\u201c und nat\u00fcrlich das Lied \u201eSo sehen Sieger aus\u201c.<\/p>\n<p>Aber man darf hier auch nicht die anderen teilnehmenden Mannschaften vergessen, insbesondere die ungl\u00fccklichen zweiten Sieger aus Rechterfeld und alle anderen Teams, welche alle ihr Bestes gegeben und faire und spannende Spiele abgeliefert hatten.<\/p>\n<p>Die Siegerehrung wurde durch Christoph Stach, Mitglied des NfV-Kreisverbandes Vechta, vorgenommen. Dieser lobte alle Mannschaften f\u00fcr ihren Einsatz und zeichnete alle Mannschaften mit Urkunden und die drei Top-Teams zus\u00e4tzlich mit Medaillen aus.<\/p>\n<p>Einen anerkennenden Dank muss man aber auch an J\u00fcrgen Kreinest richten, welcher zum wiederholten Male die Hallenleitung bei einer Hallenrunde in unserer Halle \u00fcbernommen und alle Teams und Zuschauer \u00fcber Beamer und Leinwand stets auf dem Laufenden gehalten hatte.<\/p>\n<p>Nach der Siegerehrung wurden nat\u00fcrlich noch Siegerfotos gemacht und vom Trainergespann gab`s ne Runde Cola im Clubraum, in dem an diesem Tag Maria und Marlene Bergmann die Verpflegung der Spieler und G\u00e4ste in bew\u00e4hrter Manier \u00fcbernommen hatten. Auch hierf\u00fcr Vielen Dank.<\/p>\n<p>&nbsp;<\/p>\n<p>F\u00fcr die 1. F-Jugend, J\u00fcrgen Jacob<\/p>\n<p>&nbsp;<\/p>\n<p>&nbsp;<\/p>\n<p><strong>Hallenkreismeister 1. F-Jugend Schwarz-Wei\u00df Osterfeine<\/strong><\/p>\n<p><a href=\"https:\/\/sw-osterfeine.de\/wp-content\/uploads\/2016\/02\/bild.jpg\" data-rel=\"lightbox-image-0\" data-rl_title=\"\" data-rl_caption=\"\" title=\"\"><img loading=\"lazy\" decoding=\"async\" class=\"size-medium wp-image-15756 alignleft\" src=\"https:\/\/sw-osterfeine.de\/wp-content\/uploads\/2016\/02\/bild-300x168.jpg\" alt=\"bild\" width=\"300\" height=\"168\" srcset=\"https:\/\/sw-osterfeine.de\/wp-content\/uploads\/2016\/02\/bild-300x168.jpg 300w, https:\/\/sw-osterfeine.de\/wp-content\/uploads\/2016\/02\/bild.jpg 1000w\" sizes=\"(max-width: 300px) 100vw, 300px\" \/><\/a><\/p>\n<p>&nbsp;<\/p>\n<p>&nbsp;<\/p>\n<p>&nbsp;<\/p>\n<p>&nbsp;<\/p>\n<p>&nbsp;<\/p>\n<p>&nbsp;<\/p>\n<p>&nbsp;<\/p>\n<p>Hintere Reihe:<\/p>\n<p>Trainer Wolfgang Jacob, Matthis Joachimmeyer, Arne Jacob, Jannis Otte, Jan-Bernd Putthoff, Kevin Gravemeyer, Maximilian B\u00f6ckmann, Clemens Lapke, Trainer Hansi Lapke.<\/p>\n<p>Vordere Reihe:<\/p>\n<p>Paul Kreinest, Malte Bokern, Eduard Rakk, Hinrich Bosche<\/p>\n<p>&nbsp;<\/p>\n<p><strong>Gruppenfoto der Siegermannschaften aus Rechterfeld, Osterfeine und Dinklage (von links)<\/strong><\/p>\n<p><a href=\"https:\/\/sw-osterfeine.de\/wp-content\/uploads\/2016\/02\/bild2.jpg\" data-rel=\"lightbox-image-1\" data-rl_title=\"\" data-rl_caption=\"\" title=\"\"><img loading=\"lazy\" decoding=\"async\" class=\"size-medium wp-image-15755 alignleft\" src=\"https:\/\/sw-osterfeine.de\/wp-content\/uploads\/2016\/02\/bild2-300x168.jpg\" alt=\"bild2\" width=\"300\" height=\"168\" srcset=\"https:\/\/sw-osterfeine.de\/wp-content\/uploads\/2016\/02\/bild2-300x168.jpg 300w, https:\/\/sw-osterfeine.de\/wp-content\/uploads\/2016\/02\/bild2.jpg 1000w\" sizes=\"(max-width: 300px) 100vw, 300px\" \/><\/a><\/p>\n","protected":false},"excerpt":{"rendered":"<p>Einen tollen Erfolg konnte die von Hansi Lapke und Wolfgang Jacob trainierte 1. F-Jugendmannschaft von Schwarz-Wei\u00df Osterfeine am Sonntag nach Karneval feiern. In einem spannenden Turnier setzte sich das Team gl\u00fccklich, aber auch nicht ganz unverdient, im Siebenmeterschie\u00dfen gegen ein starkes Team von Arminia Rechterfeld mit 4:3 Toren durch. Nachdem sich die Mannschaft in zwei [&hellip;]<\/p>\n","protected":false},"author":3,"featured_media":0,"comment_status":"closed","ping_status":"closed","sticky":false,"template":"","format":"standard","meta":{"footnotes":""},"categories":[3],"tags":[],"_links":{"self":[{"href":"https:\/\/sw-osterfeine.de\/index.php?rest_route=\/wp\/v2\/posts\/15750"}],"collection":[{"href":"https:\/\/sw-osterfeine.de\/index.php?rest_route=\/wp\/v2\/posts"}],"about":[{"href":"https:\/\/sw-osterfeine.de\/index.php?rest_route=\/wp\/v2\/types\/post"}],"author":[{"embeddable":true,"href":"https:\/\/sw-osterfeine.de\/index.php?rest_route=\/wp\/v2\/users\/3"}],"replies":[{"embeddable":true,"href":"https:\/\/sw-osterfeine.de\/index.php?rest_route=%2Fwp%2Fv2%2Fcomments&post=15750"}],"version-history":[{"count":4,"href":"https:\/\/sw-osterfeine.de\/index.php?rest_route=\/wp\/v2\/posts\/15750\/revisions"}],"predecessor-version":[{"id":15759,"href":"https:\/\/sw-osterfeine.de\/index.php?rest_route=\/wp\/v2\/posts\/15750\/revisions\/15759"}],"wp:attachment":[{"href":"https:\/\/sw-osterfeine.de\/index.php?rest_route=%2Fwp%2Fv2%2Fmedia&parent=15750"}],"wp:term":[{"taxonomy":"category","embeddable":true,"href":"https:\/\/sw-osterfeine.de\/index.php?rest_route=%2Fwp%2Fv2%2Fcategories&post=15750"},{"taxonomy":"post_tag","embeddable":true,"href":"https:\/\/sw-osterfeine.de\/index.php?rest_route=%2Fwp%2Fv2%2Ftags&post=15750"}],"curies":[{"name":"wp","href":"https:\/\/api.w.org\/{rel}","templated":true}]}}