{"id":15820,"date":"2016-02-22T11:17:55","date_gmt":"2016-02-22T10:17:55","guid":{"rendered":"http:\/\/sw-osterfeine.de\/?p=15820"},"modified":"2016-02-22T11:17:55","modified_gmt":"2016-02-22T10:17:55","slug":"wjb-1-tv-cloppenburg-36-13","status":"publish","type":"post","link":"https:\/\/sw-osterfeine.de\/?p=15820","title":{"rendered":"WJB 1 \u2013 TV Cloppenburg : 36 \u2013 13"},"content":{"rendered":"<p>Schon vor dem Anpfiff gab es eine sehr unsch\u00f6ne Szene, als Cloppenburgs Nummer 1 beim Aufw\u00e4rmen auf den Ball trat und sich schwer am Fu\u00df verletzte. Ganz Osterfeine schickt ihr auf diesem Wege die besten W\u00fcnsche!<\/p>\n<p>Im Spiel zeigte sich unser Team vor einer tollen B-Jugend-Kulisse mit ca. 70 Zuschauern von der Schokoladenseite. Die Abwehr um Frauke stand nahezu perfekt. Und dann ging es immer wieder mit viel Tempo \u00fcber die erste und zweite Welle zum Torerfolg. So konnte ich ab der 15. Minute beim Stande von 10 zu 4 auch kr\u00e4ftig durchwechseln. Dennoch blieb die Mannschaft die kompletten 50 Minuten konzentriert und es kam nie zu einem Bruch im Spiel.<\/p>\n<p>Vor allem der an diesem Nachmittag extrem spielfreudige R\u00fcckraum um Julia (14\/3 Tore), Jasmin (9) und Anna W. (9) fand gegen die sehr offensive 1-5-Abehr des Gegners immer die richtigen L\u00f6sungen. In der Defensive \u00fcberzeugte vor allem Elisa. Insgesamt eine einfach geschlossen gute Mannschaftsleistung \u00fcber die gesamte Spieldistanz.<\/p>\n<p><!--more--><\/p>\n<p>Im Vorfeld hatte ich die Eltern des Teams auf ein St\u00fcckchen Kuchen eingeladen und sie folgten der Einladung sehr zahlreich. Bei guten und gel\u00f6sten Gespr\u00e4chen wurden die Weichen f\u00fcr die kommende Saison gestellt und tolle Ideen und Grundlagen geschaffen. Allen Eltern daf\u00fcr meinen herzlichen Dank.<\/p>\n<p>Jetzt folgen f\u00fcr uns zum Saisonabschluss die Spiele gegen die \u201egro\u00dfen drei Gegner der Liga\u201c, wo wohl jeweils die Tagesform \u00fcber Sieg oder Niederlage entscheiden d\u00fcrfte.<\/p>\n<p>Los geht es am kommenden Sonntag um 17.30 Uhr in Garrel, die um eine Spielverlegung auf diesen Termin gebeten hatten. Dem kamen wir nat\u00fcrlich nach. Wir hoffen in Garrel wirklich sehr auf Eure Unterst\u00fctzung!<\/p>\n<p>&nbsp;<\/p>\n","protected":false},"excerpt":{"rendered":"<p>Schon vor dem Anpfiff gab es eine sehr unsch\u00f6ne Szene, als Cloppenburgs Nummer 1 beim Aufw\u00e4rmen auf den Ball trat und sich schwer am Fu\u00df verletzte. Ganz Osterfeine schickt ihr auf diesem Wege die besten W\u00fcnsche! Im Spiel zeigte sich unser Team vor einer tollen B-Jugend-Kulisse mit ca. 70 Zuschauern von der Schokoladenseite. Die Abwehr [&hellip;]<\/p>\n","protected":false},"author":3,"featured_media":0,"comment_status":"closed","ping_status":"closed","sticky":false,"template":"","format":"standard","meta":{"footnotes":""},"categories":[1],"tags":[],"_links":{"self":[{"href":"https:\/\/sw-osterfeine.de\/index.php?rest_route=\/wp\/v2\/posts\/15820"}],"collection":[{"href":"https:\/\/sw-osterfeine.de\/index.php?rest_route=\/wp\/v2\/posts"}],"about":[{"href":"https:\/\/sw-osterfeine.de\/index.php?rest_route=\/wp\/v2\/types\/post"}],"author":[{"embeddable":true,"href":"https:\/\/sw-osterfeine.de\/index.php?rest_route=\/wp\/v2\/users\/3"}],"replies":[{"embeddable":true,"href":"https:\/\/sw-osterfeine.de\/index.php?rest_route=%2Fwp%2Fv2%2Fcomments&post=15820"}],"version-history":[{"count":1,"href":"https:\/\/sw-osterfeine.de\/index.php?rest_route=\/wp\/v2\/posts\/15820\/revisions"}],"predecessor-version":[{"id":15821,"href":"https:\/\/sw-osterfeine.de\/index.php?rest_route=\/wp\/v2\/posts\/15820\/revisions\/15821"}],"wp:attachment":[{"href":"https:\/\/sw-osterfeine.de\/index.php?rest_route=%2Fwp%2Fv2%2Fmedia&parent=15820"}],"wp:term":[{"taxonomy":"category","embeddable":true,"href":"https:\/\/sw-osterfeine.de\/index.php?rest_route=%2Fwp%2Fv2%2Fcategories&post=15820"},{"taxonomy":"post_tag","embeddable":true,"href":"https:\/\/sw-osterfeine.de\/index.php?rest_route=%2Fwp%2Fv2%2Ftags&post=15820"}],"curies":[{"name":"wp","href":"https:\/\/api.w.org\/{rel}","templated":true}]}}