{"id":15827,"date":"2016-02-22T14:47:55","date_gmt":"2016-02-22T13:47:55","guid":{"rendered":"http:\/\/sw-osterfeine.de\/?p=15827"},"modified":"2016-02-22T14:47:55","modified_gmt":"2016-02-22T13:47:55","slug":"interview-trainertaetigkeit-von-aloys-alli-decker","status":"publish","type":"post","link":"https:\/\/sw-osterfeine.de\/?p=15827","title":{"rendered":"Interview: Trainert\u00e4tigkeit von Aloys (Alli) Decker"},"content":{"rendered":"<p><strong>Name<\/strong>: Aloys (Alli) Decker<\/p>\n<p><strong>Geburtstdatum<\/strong>: 09.03.1965<\/p>\n<p><strong>Mannschaft<\/strong>: 2.F-Jugend<\/p>\n<p><strong>Du bist jetzt seit dem Sommer 2015 hier in Osterfeine als Trainer f\u00fcr die 2.F-Jugend zust\u00e4ndig. Wie kam es dazu?<br \/>\n<\/strong>Alli: \u201eMein Neffe Marco Middendorf und mein Sohn Raphael haben mich dazu gebracht. Das hat sich so aus der Laune heraus entwickelt. Der Trainerposten Fu\u00dfball macht mir Spa\u00df und ich habe es bis jetzt noch nicht bereut. Allerdings ist das ganze sehr zeitaufrei\u00dfend.\u201c <\/p>\n<p><strong>Hast du bereits Erfahrungen im Trainer-Dasein oder ist dieses dein erstes Jahr als Trainer?<br \/>\n<\/strong>Alli: \u201eDas ist mein erstes Jahr, sodass ich auch noch lernf\u00e4hig bin. Aber ich werde das Kind schon schaukeln glaube ich.\u201c<\/p>\n<p>\u00a0<strong>Hattest du fr\u00fcher schon Bezug zum Fu\u00dfball?<br \/>\n<\/strong>Alli: \u201eIch war in den jungen Jahren meines Lebens aktiv in Osterfeine als Fu\u00dfballer. War aber nicht so stark, dass es bis nach vorne gereicht h\u00e4tte. Aber ich habe jahrelang (bis zu meinem 40. Lebensjahr) Hobbym\u00e4\u00dfig Fu\u00dfball gespielt.\u201c <\/p>\n<p><!--more--><\/p>\n<p><strong>Was reizt dich, Trainer zu sein? Was macht dir besonders viel Spa\u00df bzw was ist das Besondere?<br \/>\n <\/strong>Alli: \u201eTrainer zu sein, naja da bin ich ja so reingerutscht. Spa\u00df macht es mir, mit den Kindern zu arbeiten und ihnen Freude am zu Fu\u00dfball zu bereiten. Aber auch die Weiterentwicklung bereitet mir Freude.\u201c<\/p>\n<p> <strong>Was ist Fu\u00dfball f\u00fcr dich?<\/strong><br \/>\n Alli: \u201eEin Hobby. Aber auch ein wichtiger Bestandteil meines Lebens. Bin mit Leib und Seele dabei. FC Bayern Fan \u2026\u201c<\/p>\n<p><strong>Was willst du mit deiner Mannschaft erreichen?<br \/>\n<\/strong>Alli: \u201e Ein guter dritter Platz w\u00e4re schon mein Ziel. Ist auch zu erreichen. Wichtig ist aber, dass die Jungs und M\u00e4dels den Spa\u00df am Fu\u00dfball nicht verlieren. Im Training wird aber trotz dessen drauf geachtet, dass Taktik, Strategie und verschiedene Spielz\u00fcge erlernt und gefestigt werden. Das ist allerdings nicht ganz einfach bei der Menge an Spielern.\u201c<\/p>\n<p><strong>Wo siehst du deine Mannschaft in der Zukunft?<br \/>\n<\/strong>Alli: \u201eIn dieser Mannschaft steckt eine Menge Potential. Sie muss in naher Zukunft weiter gef\u00f6rdert und vern\u00fcnftig aufgebaut werden, sodass die Jungs und M\u00e4dels mit Spa\u00df an der Freud und mit viel Leidenschaft ein gutes Mannschaftsbild abgeben. In dieser Mannschaft sind einige Einzelspieler, die in naher Zukunft schon weit vorne mitspielen k\u00f6nnen. Das ist so!\u201c<\/p>\n<p>&nbsp;<\/p>\n<p><strong>Anmerkung von Alli:<br \/>\n<\/strong>&#8222;Durch Motivation und Kampfgeist sowie mit gut eingespielter Technik findet die Mannschaft immer weiter zueinander. Viel \u00dcbung tut der Mannschaft gut. Die Trainingszeiten in der kleinen Halle in R\u00fcschendorf machen es uns aber nicht sehr leicht.<\/p>\n<p>Trainingszeiten: Montag 17.30 &#8211; 18.30 und Freitag 17.30 &#8211; 19.00 Uhr.&#8220;<\/p>\n<p>&nbsp;<\/p>\n","protected":false},"excerpt":{"rendered":"<p>Name: Aloys (Alli) Decker Geburtstdatum: 09.03.1965 Mannschaft: 2.F-Jugend Du bist jetzt seit dem Sommer 2015 hier in Osterfeine als Trainer f\u00fcr die 2.F-Jugend zust\u00e4ndig. Wie kam es dazu? Alli: \u201eMein Neffe Marco Middendorf und mein Sohn Raphael haben mich dazu gebracht. Das hat sich so aus der Laune heraus entwickelt. Der Trainerposten Fu\u00dfball macht mir [&hellip;]<\/p>\n","protected":false},"author":3,"featured_media":0,"comment_status":"closed","ping_status":"closed","sticky":false,"template":"","format":"standard","meta":{"footnotes":""},"categories":[3],"tags":[],"_links":{"self":[{"href":"https:\/\/sw-osterfeine.de\/index.php?rest_route=\/wp\/v2\/posts\/15827"}],"collection":[{"href":"https:\/\/sw-osterfeine.de\/index.php?rest_route=\/wp\/v2\/posts"}],"about":[{"href":"https:\/\/sw-osterfeine.de\/index.php?rest_route=\/wp\/v2\/types\/post"}],"author":[{"embeddable":true,"href":"https:\/\/sw-osterfeine.de\/index.php?rest_route=\/wp\/v2\/users\/3"}],"replies":[{"embeddable":true,"href":"https:\/\/sw-osterfeine.de\/index.php?rest_route=%2Fwp%2Fv2%2Fcomments&post=15827"}],"version-history":[{"count":1,"href":"https:\/\/sw-osterfeine.de\/index.php?rest_route=\/wp\/v2\/posts\/15827\/revisions"}],"predecessor-version":[{"id":15828,"href":"https:\/\/sw-osterfeine.de\/index.php?rest_route=\/wp\/v2\/posts\/15827\/revisions\/15828"}],"wp:attachment":[{"href":"https:\/\/sw-osterfeine.de\/index.php?rest_route=%2Fwp%2Fv2%2Fmedia&parent=15827"}],"wp:term":[{"taxonomy":"category","embeddable":true,"href":"https:\/\/sw-osterfeine.de\/index.php?rest_route=%2Fwp%2Fv2%2Fcategories&post=15827"},{"taxonomy":"post_tag","embeddable":true,"href":"https:\/\/sw-osterfeine.de\/index.php?rest_route=%2Fwp%2Fv2%2Ftags&post=15827"}],"curies":[{"name":"wp","href":"https:\/\/api.w.org\/{rel}","templated":true}]}}