{"id":15832,"date":"2016-02-26T10:41:27","date_gmt":"2016-02-26T09:41:27","guid":{"rendered":"http:\/\/sw-osterfeine.de\/?p=15832"},"modified":"2016-02-26T10:45:47","modified_gmt":"2016-02-26T09:45:47","slug":"2-3-damen-bericht","status":"publish","type":"post","link":"https:\/\/sw-osterfeine.de\/?p=15832","title":{"rendered":"2.\/3. Damen Bericht"},"content":{"rendered":"<p>Zun\u00e4chst einmal freut sich Handball-Osterfeine \u00fcber den Nachwuchs bei Dorothee Kampers (Tochter Anna &#8211; Maria) und Isabell gr. Hackmann (Sohn Friedrich- Bernard). Herzlichen Gl\u00fcckwunsch, willkommen\u00a0 im Club der Eltern und alles Gute f\u00fcr die Zukunft!<\/p>\n<p>\u00a0In der Regionsoberliga und\u00a0Regionsliga l\u00e4uft bei den Handball -Damen schon die R\u00fcckrunde.\u00a0Team 3 belegt nach 13 Spieltagen den 9 Rang mit 2 &#8211; 24 Z\u00e4hlern\u00a0 (1 Sieg, 12 Niederlagen) und kann praktisch und theoretisch noch den 7. Tabellenplatz\u00a0 mit drei Punkten R\u00fcckstand erreichen . Teammanagerin Kerstin Lehmkuhl\u00a0 freut sich \u00fcber verbesserte Deckungsleistungen,\u00a0 die versprechen mehr Ballgewinne und die m\u00f6chten wir durch Tempohandball in Tore umsetzten! Trotz des verletzungsbedingten Ausfalls von Torj\u00e4gerin Cathi Kolbeck\u00a0l\u00e4sst sich unsere &#8222;Dritte&#8220; nicht unterkriegen und muss noch drei Punktspiele bestreiten. Das n\u00e4chste am Freitagabend (4. M\u00e4rz 2016, 20 Uhr ) zu Hause gegen GW M\u00fchlen III. Weitere Partien werden gegen TSV Wetschen II und TuS Lemf\u00f6rde II (unmittelbare Konkurrenten bei der Vergabe der Pl\u00e4tze 7 bis 9 in\u00a0 der Regionsliga) absolviert.<!--more--><\/p>\n<p>Auf Platz 8 wird\u00a0Team 2 in der Regionsoberliga mit 1O &#8211; 16 Punkten (5 Siege , 8 Niederlagen) gef\u00fchrt. Von Platz Vier bis Platz Neun\u00a0 ist f\u00fcr SW Osterfeine II in dieser Staffel noch alles drin, schlie\u00dflich haben wir noch 5\u00a0 Fights (!) vor heimischen Publikum und\u00a0 zwei\u00a0 Spiele in fremder Halle . Obwohl Dorothee Kampers, Rebecca Winter (Rippenbruch) und\u00a0Maike Lange nicht zur Verf\u00fcgung\u00a0stehen ist Trainer Knochenwefel zuversichtlich mit dem Potenzial\u00a0 der Mannschaft (dort gibt es sogar &#8220; vier Sportlerinnen des Jahres &#8220; !) die Leistungen bis zum Saisonende zu steigern. <\/p>\n<p>Dorothe\u00a0Gravemeyer ist wieder dazugesto\u00dfen.\u00a0<\/p>\n<p>Das n\u00e4chste Heimspiel wird am 27.2 .2016 um 16 Uhr gegen den Titelanw\u00e4rter Falke Steinfeld II angepfiffen.\u00a0Unser Motto:\u00a0<\/p>\n<p>Niemals den Kopf h\u00e4ngen lassen, niemals aufgeben, niemals hinsetzen und bedauern &#8211; wir finden einen anderen Weg!\u00a0Wir spielen dann einfach weiter, haben Spa\u00df und genie\u00dfen das Handballspiel mit unseren Fans!<\/p>\n<p>Wir freuen uns auf zahlreiche Unterst\u00fctzung aus eigenen Reihen.<\/p>\n<p>&nbsp;<\/p>\n<p>Besonders lobenswert ist auch die Zusammenarbeit der Landesliga A-Jugend unter Heidi und Fabian Winter mit unserer 2. und 3. Damenmannschaft. Die Mannschaften teilen sich die Sporthalle, spielen auch mal gegeneinander und bei Personalbedarf erg\u00e4nzen die &#8222;flotten\u00a0 Talente&#8220;\u00a0 ( sie sind mit Doppelspielrecht ausgestattet )\u00a0 unsere &#8222;Damenriegen&#8220;.<\/p>\n<p>&nbsp;<\/p>\n<p>&nbsp;<\/p>\n<p>&#8211; Andreas Knochenwefel &#8211;<\/p>\n","protected":false},"excerpt":{"rendered":"<p>Zun\u00e4chst einmal freut sich Handball-Osterfeine \u00fcber den Nachwuchs bei Dorothee Kampers (Tochter Anna &#8211; Maria) und Isabell gr. Hackmann (Sohn Friedrich- Bernard). Herzlichen Gl\u00fcckwunsch, willkommen\u00a0 im Club der Eltern und alles Gute f\u00fcr die Zukunft! \u00a0In der Regionsoberliga und\u00a0Regionsliga l\u00e4uft bei den Handball -Damen schon die R\u00fcckrunde.\u00a0Team 3 belegt nach 13 Spieltagen den 9 Rang [&hellip;]<\/p>\n","protected":false},"author":3,"featured_media":0,"comment_status":"closed","ping_status":"closed","sticky":false,"template":"","format":"standard","meta":{"footnotes":""},"categories":[1],"tags":[],"_links":{"self":[{"href":"https:\/\/sw-osterfeine.de\/index.php?rest_route=\/wp\/v2\/posts\/15832"}],"collection":[{"href":"https:\/\/sw-osterfeine.de\/index.php?rest_route=\/wp\/v2\/posts"}],"about":[{"href":"https:\/\/sw-osterfeine.de\/index.php?rest_route=\/wp\/v2\/types\/post"}],"author":[{"embeddable":true,"href":"https:\/\/sw-osterfeine.de\/index.php?rest_route=\/wp\/v2\/users\/3"}],"replies":[{"embeddable":true,"href":"https:\/\/sw-osterfeine.de\/index.php?rest_route=%2Fwp%2Fv2%2Fcomments&post=15832"}],"version-history":[{"count":3,"href":"https:\/\/sw-osterfeine.de\/index.php?rest_route=\/wp\/v2\/posts\/15832\/revisions"}],"predecessor-version":[{"id":15839,"href":"https:\/\/sw-osterfeine.de\/index.php?rest_route=\/wp\/v2\/posts\/15832\/revisions\/15839"}],"wp:attachment":[{"href":"https:\/\/sw-osterfeine.de\/index.php?rest_route=%2Fwp%2Fv2%2Fmedia&parent=15832"}],"wp:term":[{"taxonomy":"category","embeddable":true,"href":"https:\/\/sw-osterfeine.de\/index.php?rest_route=%2Fwp%2Fv2%2Fcategories&post=15832"},{"taxonomy":"post_tag","embeddable":true,"href":"https:\/\/sw-osterfeine.de\/index.php?rest_route=%2Fwp%2Fv2%2Ftags&post=15832"}],"curies":[{"name":"wp","href":"https:\/\/api.w.org\/{rel}","templated":true}]}}