{"id":15836,"date":"2016-02-26T10:43:40","date_gmt":"2016-02-26T09:43:40","guid":{"rendered":"http:\/\/sw-osterfeine.de\/?p=15836"},"modified":"2016-02-26T10:43:40","modified_gmt":"2016-02-26T09:43:40","slug":"mega-winterpause-der-dritten-geht-zu-ende","status":"publish","type":"post","link":"https:\/\/sw-osterfeine.de\/?p=15836","title":{"rendered":"Mega-Winterpause der Dritten geht zu Ende!!?"},"content":{"rendered":"<p>Am 1.11.2015 absolvierte unsere Dritte ihr letztes Pflichtspiel.<\/p>\n<p>\u00dcber 4 Monate dauerte die Winterpause, wenn denn am 6.3.2016 um 13.15 Uhr beim VFL Oythe IV die R\u00fcckrunde gestartet werden kann. Aber die Mannschaft war in der Winterpause nicht unt\u00e4tig. Regelm\u00e4\u00dfig wurde ab 20.45 Uhr in der Halle trainiert und gespielt, auch ein Hallenturnier in Eydelstedt stand auf dem Programm.<\/p>\n<p>So m\u00fcssen wir uns prim\u00e4r an dieser Stelle auf die Erkenntnisse des Hallenfu\u00dfballs beschr\u00e4nken. Immer hatten wir eine Toptrainingsbeteiligung mit durchschnittlich \u00fcber 15 Spielern. Als absoluter Hallenk\u00f6nig konnte sich Waldemar Manthai in den Vordergrund spielen. Ebenso wurde Rene Lampe bei seinem Hallenauftritt gefeiert, allerdings reichte seine Power nicht f\u00fcrs ganze Training. Auff\u00e4llig auch unser Torwart Pocs, der sich auch als guter Feldspieler erwies, f\u00fcr den allerdings die Hallenausma\u00dfe bei seiner Schusskraft viel zu niedrig waren. Pech hatte leider wieder Steffen Ripke, der sich eine Zehenverletzung zuzog und die Hallensaison verstreichen lassen musste.<!--more--><\/p>\n<p>Trotz der extremen Platzverh\u00e4ltnisse haben wir einige Einheiten auf dem Feld austragen k\u00f6nnen. Leider mussten 2 Vorbereitungsspiele ausfallen, \u00e4rgerlich war dabei die Freundschaftsspielabsage von BS V\u00f6rden II in der Nacht vor dem Spiel um 4.22 Uhr per WhatsApp weil man f\u00fcr dasvor 4 Wochen abgemachte Spiel so pl\u00f6tzlich keine Mannschaft zusammen bekommen w\u00fcrde. Dennoch brachte das Feldtraining auf dem kleinen Hallenplatz auch einige positive Erkenntnisse, kein Spieler ist ertrunken und Jens Lapke konnte neben seiner Gesellenpr\u00fcfung \u2013 wie auch einige andere Mitspieler &#8211; auch erfolgreich eine Bademeisterpr\u00fcfung im Schlamm und Matsch absolvieren. Egal bei welchen Bedingungen absolvierte Jens jedes Training mit vollem K\u00f6rpereinsatz.<\/p>\n<p>Ebenso wurde die Kaderplanung f\u00fcr die neue Serie erfolgreich abgeschlossen. Per Abstimmung wurden alle Spielervertr\u00e4ge zu den gleichen Konditionen um ein weiteres Jahr verl\u00e4ngert. Das spricht f\u00fcr den tollen Teamgeist der Mannschaft.<\/p>\n<p>Wer Lust und Spa\u00df auf Fu\u00dfball hat: die Dritte trainiert jeden Donnerstag um 19.00 Uhr in Osterfeine. Kommt einfach vorbei und macht mit.<\/p>\n<p>&nbsp;<\/p>\n<p>Die Dritte<\/p>\n","protected":false},"excerpt":{"rendered":"<p>Am 1.11.2015 absolvierte unsere Dritte ihr letztes Pflichtspiel. \u00dcber 4 Monate dauerte die Winterpause, wenn denn am 6.3.2016 um 13.15 Uhr beim VFL Oythe IV die R\u00fcckrunde gestartet werden kann. Aber die Mannschaft war in der Winterpause nicht unt\u00e4tig. Regelm\u00e4\u00dfig wurde ab 20.45 Uhr in der Halle trainiert und gespielt, auch ein Hallenturnier in Eydelstedt [&hellip;]<\/p>\n","protected":false},"author":3,"featured_media":0,"comment_status":"closed","ping_status":"closed","sticky":false,"template":"","format":"standard","meta":{"footnotes":""},"categories":[3],"tags":[],"_links":{"self":[{"href":"https:\/\/sw-osterfeine.de\/index.php?rest_route=\/wp\/v2\/posts\/15836"}],"collection":[{"href":"https:\/\/sw-osterfeine.de\/index.php?rest_route=\/wp\/v2\/posts"}],"about":[{"href":"https:\/\/sw-osterfeine.de\/index.php?rest_route=\/wp\/v2\/types\/post"}],"author":[{"embeddable":true,"href":"https:\/\/sw-osterfeine.de\/index.php?rest_route=\/wp\/v2\/users\/3"}],"replies":[{"embeddable":true,"href":"https:\/\/sw-osterfeine.de\/index.php?rest_route=%2Fwp%2Fv2%2Fcomments&post=15836"}],"version-history":[{"count":1,"href":"https:\/\/sw-osterfeine.de\/index.php?rest_route=\/wp\/v2\/posts\/15836\/revisions"}],"predecessor-version":[{"id":15837,"href":"https:\/\/sw-osterfeine.de\/index.php?rest_route=\/wp\/v2\/posts\/15836\/revisions\/15837"}],"wp:attachment":[{"href":"https:\/\/sw-osterfeine.de\/index.php?rest_route=%2Fwp%2Fv2%2Fmedia&parent=15836"}],"wp:term":[{"taxonomy":"category","embeddable":true,"href":"https:\/\/sw-osterfeine.de\/index.php?rest_route=%2Fwp%2Fv2%2Fcategories&post=15836"},{"taxonomy":"post_tag","embeddable":true,"href":"https:\/\/sw-osterfeine.de\/index.php?rest_route=%2Fwp%2Fv2%2Ftags&post=15836"}],"curies":[{"name":"wp","href":"https:\/\/api.w.org\/{rel}","templated":true}]}}