{"id":15841,"date":"2016-02-26T10:47:10","date_gmt":"2016-02-26T09:47:10","guid":{"rendered":"http:\/\/sw-osterfeine.de\/?p=15841"},"modified":"2016-02-26T10:47:22","modified_gmt":"2016-02-26T09:47:22","slug":"das-fussball-jahr-2016-beginnt-fuer-uns-direkt-mit-einem-6-punkte-spiel","status":"publish","type":"post","link":"https:\/\/sw-osterfeine.de\/?p=15841","title":{"rendered":"Das Fu\u00dfball-Jahr 2016 beginnt f\u00fcr uns direkt mit einem 6-Punkte-Spiel!"},"content":{"rendered":"<p>W\u00e4hrend der Niederschrift dieses Lageberichts kann ich mich beim Blick aus dem Fenster \u00fcber ein ganz ungewohntes Bild erfreuen\u2026 es regnet ausnahmsweise mal nicht und es lacht sogar sch\u00fcchtern die Sonne vom Himmel! Eine Tatsache, die dann eventuell doch auf die Austragung unseres ersten Pflichtspiel-Auftrittes in 2016 hoffen l\u00e4sst!<\/p>\n<p>Wenn ich die Vorbereitung Revue passieren lasse, sind wir wieder beim Thema Witterung. Das Wetter hat die Vorbereitungsphase sehr stark gepr\u00e4gt! Schnee, Frost, Regen und noch mehr Regen hatten zur Folge, dass wir in den letzten Wochen sehr zur Improvisation gezwungen waren! Aber unser Trainer-Team, sowie Team-Manager Marco und unser 1. Vorsitzender Bubbel setzen alles daran, dass uns immer M\u00f6glichkeiten zur Verf\u00fcgung gestellt wurden, damit wir uns gut auf die schwere R\u00fcckrunde vorbereiten k\u00f6nnen! Hierf\u00fcr m\u00f6chte ich mich im Namen der Mannschaft bedanken!<!--more--><\/p>\n<p>Doch nun ist die Mannschaft gefragt! Das Jahr 2016 beginnt f\u00fcr uns gleich mit einem super wichtigen Spiel! Wir erwarten am Sonntag die Mannschaft von BV Garrel, die punktgleich mit uns im unteren Tabellen-Mittelfeld platziert ist! Sechs Punkte trennen Garrel und uns vom ersten Abstiegsplatz (15. Platz), wobei Emstek als 15. jedoch ein Spiel weniger absolviert hat als Garrel und wir! Genauso wie wir wird Garrel bestrebt sein sich fr\u00fchzeitig von dem Gefahrenbereich der Liga zu distanzieren! Das Hinspiel konnten wir in Garrel 2:0 gewinnen, jedoch werden wir nun auf eine ganz andere Garreler Mannschaft treffen als zu Beginn der Saison! Garrel hatte aufgrund von Verletzungen etc. einen sehr schlechten Saisonstart.<\/p>\n<p>Mittlerweile haben sie sich jedoch stabilisiert und haben gerade im Herbst 2015 einige beeindruckende Ergebnisse erzielt (4:0 Sieg gegen Holdorf, 5:3 Sieg in Damme, 1:1 gegen Bevern, 2:2 gegen Steinfeld oder ein sattes 5:0 gegen Bakum)! Gerade auf das Konterspiel mit ihren schnellen und wendigen Offensiv-Kr\u00e4ften sollten wir gut vorbereitet sein!<\/p>\n<p>Nachdem bei uns die Vielzahl der Vorbereitungsspiele sprichw\u00f6rtlich ins Wasser gefallen sind, konnten wir die letzte Vorbereitungswoche dann doch nochmal nutzen um zwei Testspiele zu absolvieren (5:1 Sieg gegen Diepholz, 2:0 Sieg gegen Brockdorf)! Die fehlende Spielpraxis war phasenweise schon ersichtlich, jedoch konnte man auch viele positive Dinge in unserem Spiel erkennen, an denen das Trainer-Team in der Vorbereitung akribisch gefeilt hat! Leider kommen wir personell nicht ganz unbeschadet aus der Vorbereitung, da Maxi St\u00e4rk sich im Testspiel gegen Diepholz eine Zerrung zugezogen hat und bis auf weiteres nicht einsatzf\u00e4hig sein wird! Dar\u00fcber hinaus ist eine Kader-Ver\u00e4nderung zu verk\u00fcnden, da Steffen Breitenstein in der Winterpause aus beruflichen Gr\u00fcnden von der ersten zur zweiten Mannschaft gewechselt ist!<\/p>\n<p>Wir hoffen nun in den n\u00e4chsten Tagen auf best\u00e4ndiges Wetter um am Sonntag planm\u00e4\u00dfig in das Fu\u00dfballjahr 2016 zu starten! Wir sind gut vorbereitet und sind hei\u00df darauf uns am Sonntag 3 Big-Points zu holen!<\/p>\n<p>&nbsp;<\/p>\n<p>Viel Spa\u00df beim Spiel!<\/p>\n<p>&nbsp;<\/p>\n<p>Harpe C<\/p>\n","protected":false},"excerpt":{"rendered":"<p>W\u00e4hrend der Niederschrift dieses Lageberichts kann ich mich beim Blick aus dem Fenster \u00fcber ein ganz ungewohntes Bild erfreuen\u2026 es regnet ausnahmsweise mal nicht und es lacht sogar sch\u00fcchtern die Sonne vom Himmel! Eine Tatsache, die dann eventuell doch auf die Austragung unseres ersten Pflichtspiel-Auftrittes in 2016 hoffen l\u00e4sst! Wenn ich die Vorbereitung Revue passieren [&hellip;]<\/p>\n","protected":false},"author":3,"featured_media":0,"comment_status":"closed","ping_status":"closed","sticky":false,"template":"","format":"standard","meta":{"footnotes":""},"categories":[3],"tags":[],"_links":{"self":[{"href":"https:\/\/sw-osterfeine.de\/index.php?rest_route=\/wp\/v2\/posts\/15841"}],"collection":[{"href":"https:\/\/sw-osterfeine.de\/index.php?rest_route=\/wp\/v2\/posts"}],"about":[{"href":"https:\/\/sw-osterfeine.de\/index.php?rest_route=\/wp\/v2\/types\/post"}],"author":[{"embeddable":true,"href":"https:\/\/sw-osterfeine.de\/index.php?rest_route=\/wp\/v2\/users\/3"}],"replies":[{"embeddable":true,"href":"https:\/\/sw-osterfeine.de\/index.php?rest_route=%2Fwp%2Fv2%2Fcomments&post=15841"}],"version-history":[{"count":2,"href":"https:\/\/sw-osterfeine.de\/index.php?rest_route=\/wp\/v2\/posts\/15841\/revisions"}],"predecessor-version":[{"id":15843,"href":"https:\/\/sw-osterfeine.de\/index.php?rest_route=\/wp\/v2\/posts\/15841\/revisions\/15843"}],"wp:attachment":[{"href":"https:\/\/sw-osterfeine.de\/index.php?rest_route=%2Fwp%2Fv2%2Fmedia&parent=15841"}],"wp:term":[{"taxonomy":"category","embeddable":true,"href":"https:\/\/sw-osterfeine.de\/index.php?rest_route=%2Fwp%2Fv2%2Fcategories&post=15841"},{"taxonomy":"post_tag","embeddable":true,"href":"https:\/\/sw-osterfeine.de\/index.php?rest_route=%2Fwp%2Fv2%2Ftags&post=15841"}],"curies":[{"name":"wp","href":"https:\/\/api.w.org\/{rel}","templated":true}]}}