{"id":15844,"date":"2016-02-26T10:48:14","date_gmt":"2016-02-26T09:48:14","guid":{"rendered":"http:\/\/sw-osterfeine.de\/?p=15844"},"modified":"2016-02-26T10:48:14","modified_gmt":"2016-02-26T09:48:14","slug":"sw-aktuell-vorwort-2","status":"publish","type":"post","link":"https:\/\/sw-osterfeine.de\/?p=15844","title":{"rendered":"SW Aktuell &#8211; Vorwort"},"content":{"rendered":"<p>Liebe Leser von Schwarz-Wei\u00df Aktuell,<\/p>\n<p>der Sportverein SW Osterfeine hei\u00dft alle G\u00e4ste zum Bezirksliga R\u00fcckrundenstart zwischen Schwarz-Wei\u00df Osterfeine und den BV Garrel recht herzlich willkommen. Der Fu\u00dfball rollt an diesem Wochenende wieder in der Bezirksliga und die heimischen Fu\u00dfballinteressierten fiebern dem Anpfiff der heutigen Partie entgegen. Die Spieler beider Lager haben eine sehr wechselhafte Vorbereitung absolvieren m\u00fcssen. Die schlechten Platzverh\u00e4ltnisse haben in den letzten Wochen den Spiel- und Trainingsbetrieb der hiesigen Fu\u00dfballer stark beeinflusst. Dies gilt auch f\u00fcr die heute aktiven Mannschaften von Osterfeine und Garrel. Geordnetes Training war nur bedingt m\u00f6glich und die Freundschaftsspiele an den vergangenen Wochenenden wurden oftmals wetterbedingt abgesagt. Das Spiel der beiden Tabellennachbarn besitzt nicht nur durch die Tabellenkonstellation eine gewisse Brisanz, denn nach der Winterpause ist abzuwarten, welches Team fixer in den Wettkampfrhythmus findet.<!--more--><\/p>\n<p>Unsere II-Herrenmannschaft und unsere A-Jugend starten am kommenden Wochenende mit zwei Heimspielen in die R\u00fcckrunde. Die II-Herrenmannschaft spielt am kommenden Sonntag (06.03.) um 13:15 Uhr gegen die Reserve aus Brockdorf. Unsere Nachwuchskicker starten am Samstag (05.03.) um 16:30 Uhr in die OM-Kreisliga gegen die Jugendspieler vom SV B\u00f6sel. Unsere III-Herrenmannschaft beginnt erst Ende M\u00e4rz ihre R\u00fcckrunde.<\/p>\n<p>Trotz der Winterpause schl\u00e4ft solch ein Verein wie SW Osterfeine mit mehr als 1.600 Mitgliedern nicht. Anstehende Aufgaben wie der OM-Cup, die Ski-Freizeit, die Ferienbetreuung in den Osterferien, der Anbau der Umkleidekabinen, das aktive Werben neuer Jugendtrainer, die Sportwoche, die anstehende Generalversammlung und vieles mehr wollen neben den allt\u00e4glichen Arbeiten und Unternehmungen gut geplant und vorbereitet sein. Das Jahr 2016 stellt den Verein vor vielen Aufgaben. Fraglich ist, wer stellt sich f\u00fcr die Vereinsarbeit zur Verf\u00fcgung und \u00fcbernimmt Verantwortung im Vorstand, in der Abteilungsf\u00fchrung oder in der Trainer-und Betreuerarbeit, damit diese Aufgaben bew\u00e4ltigt werden? \u00dcber freiwillige Meldungen w\u00fcrden sich nicht nur die Verantwortlichen freuen, sondern besonders unsere Kinder und jungen Sportler.<\/p>\n<p>Die diesj\u00e4hrige Generalversammlung findet am Freitag, den 04.03.2016 um 20:00 Uhr im Saal Fangmann statt.<\/p>\n<p>&nbsp;<\/p>\n<p>Viel Spa\u00df beim Lesen!<\/p>\n<p>Christian Hellebusch<\/p>\n<p>&nbsp;<\/p>\n","protected":false},"excerpt":{"rendered":"<p>Liebe Leser von Schwarz-Wei\u00df Aktuell, der Sportverein SW Osterfeine hei\u00dft alle G\u00e4ste zum Bezirksliga R\u00fcckrundenstart zwischen Schwarz-Wei\u00df Osterfeine und den BV Garrel recht herzlich willkommen. Der Fu\u00dfball rollt an diesem Wochenende wieder in der Bezirksliga und die heimischen Fu\u00dfballinteressierten fiebern dem Anpfiff der heutigen Partie entgegen. Die Spieler beider Lager haben eine sehr wechselhafte Vorbereitung [&hellip;]<\/p>\n","protected":false},"author":3,"featured_media":0,"comment_status":"closed","ping_status":"closed","sticky":false,"template":"","format":"standard","meta":{"footnotes":""},"categories":[3],"tags":[],"_links":{"self":[{"href":"https:\/\/sw-osterfeine.de\/index.php?rest_route=\/wp\/v2\/posts\/15844"}],"collection":[{"href":"https:\/\/sw-osterfeine.de\/index.php?rest_route=\/wp\/v2\/posts"}],"about":[{"href":"https:\/\/sw-osterfeine.de\/index.php?rest_route=\/wp\/v2\/types\/post"}],"author":[{"embeddable":true,"href":"https:\/\/sw-osterfeine.de\/index.php?rest_route=\/wp\/v2\/users\/3"}],"replies":[{"embeddable":true,"href":"https:\/\/sw-osterfeine.de\/index.php?rest_route=%2Fwp%2Fv2%2Fcomments&post=15844"}],"version-history":[{"count":1,"href":"https:\/\/sw-osterfeine.de\/index.php?rest_route=\/wp\/v2\/posts\/15844\/revisions"}],"predecessor-version":[{"id":15845,"href":"https:\/\/sw-osterfeine.de\/index.php?rest_route=\/wp\/v2\/posts\/15844\/revisions\/15845"}],"wp:attachment":[{"href":"https:\/\/sw-osterfeine.de\/index.php?rest_route=%2Fwp%2Fv2%2Fmedia&parent=15844"}],"wp:term":[{"taxonomy":"category","embeddable":true,"href":"https:\/\/sw-osterfeine.de\/index.php?rest_route=%2Fwp%2Fv2%2Fcategories&post=15844"},{"taxonomy":"post_tag","embeddable":true,"href":"https:\/\/sw-osterfeine.de\/index.php?rest_route=%2Fwp%2Fv2%2Ftags&post=15844"}],"curies":[{"name":"wp","href":"https:\/\/api.w.org\/{rel}","templated":true}]}}