{"id":15850,"date":"2016-03-01T09:36:13","date_gmt":"2016-03-01T08:36:13","guid":{"rendered":"http:\/\/sw-osterfeine.de\/?p=15850"},"modified":"2016-03-01T09:52:03","modified_gmt":"2016-03-01T08:52:03","slug":"bv-garrel-wjb-1-19-12","status":"publish","type":"post","link":"https:\/\/sw-osterfeine.de\/?p=15850","title":{"rendered":"BV Garrel &#8211; WJB 1 : 19 \u2013 12"},"content":{"rendered":"<p>Bis zur Mitte der ersten Halbzeit lief alles wie gewohnt. Die Defensive stand und das Tempospiel funktionierte ausgezeichnet. Der Lohn war eine 6-2 F\u00fchrung. Dann passierte, was nicht passieren durfte. Jessi knickte um und verletzte sich. Eine Diagnose steht zwar noch aus, aber es k\u00f6nnte durchaus eine B\u00e4nderverletzung sein. Wir w\u00fcnschen Dir alles Gute Jessi \u2013 Kopf hoch! Allein mit den Ausf\u00e4llen von Anna (Kreuzband) und Jessi ist die linke Seite nun komplett verweist. Das ist mit dem kleinen Kader nicht zu kompensieren. Als letzte Alternative brachte ich dann noch Torfrau Frauke im linken R\u00fcckraum. Sie machte ihre Sache, genau wie Hannah und Vanessa, sehr ordentlich, aber das Team erholte sich nicht mehr. Und so tritt das Thema Meisterschaft auf der Zielgeraden doch noch in den Hintergrund. Wichtig ist nur noch, dass unsere Verletzten wieder schnell auf die Beine kommen und dass das Team jetzt die letzten beiden Spiele ganz eng zusammen r\u00fcckt und noch vern\u00fcnftig \u00fcber die B\u00fchne bringt. Daf\u00fcr haben Heidi und ich auch schon die K\u00f6pfe zusammen gesteckt, um die vereinsinternen Kr\u00e4fte in den letzten 14 Tagen noch mal zu b\u00fcndeln.<\/p>\n<p>Wir sind nat\u00fcrlich alle sehr entt\u00e4uscht im Moment, denn ohne die Verletzungen h\u00e4tten wir am Sonntag den Titel klar gemacht, daran hat wohl niemand gezweifelt. Und so wird es jetzt wohl ganz ganz schwer. Aber es besteht kein Grund, die K\u00f6pfe h\u00e4ngen zu lassen. Wir sind bewusst mit einem kleinen Kader in die Saison gegangen und wir haben das bislang auch gro\u00dfartig gemacht!<!--more--><\/p>\n<p>Denn der Vorteil an einem kleinen Kader ist, dass sich alle im Team sehr gut entwickelt haben. Auch die Verletzungen von Fauke zu Beginn der Saison und dann von Anna konnten wir noch kompensieren.<\/p>\n<p>Am Ende geht uns nun wahrscheinlich leider personell komplett die Luft aus, aber das \u00e4ndert nichts an einer unglaublich tollen Saison! Bei unserem kleinen Kader haben wir ausschlie\u00dflich Osterfeiner M\u00e4dels auf der Platte gehabt und konsequent sportlich weiter entwickelt. Und das wird man in einigen Jahren auch bei den Spielen der 1. Damen sehen, wo wir viele der jetzigen Spielerinnen erwarten d\u00fcrfen. Das z\u00e4hlt! Ich bin sehr stolz auf euch M\u00e4dels! Und in den beiden letzten Spielen r\u00fccken wir noch mal ganz eng zusammen und holen \u2013 auch f\u00fcr unsere verletzten Kameradinnen \u2013 noch mal alles raus! Schluss ist erst, wenn der Schiri pfeift! Und wir stecken jetzt ganz bestimmt nicht die K\u00f6pfe in den Sand, sondern gehen jetzt unseren Weg bis ganz zum Ende!<\/p>\n<p>Am Samstag um 14.30 Uhr kommt mit Neuenhaus ein ganz dicker Brocken zu uns. Wir hoffen auf unsere Fans, auf viel Verst\u00e4ndnis f\u00fcr die jetzige Situation, und vor allem auf unseren Teamgeist! Wir bekommen auf jeden Fall eine spielf\u00e4hige Truppe auf die Platte, und es wird auf jeden Fall wieder \u201eVoll Bergbau!\u201c<\/p>\n<p>&nbsp;<\/p>\n<p>&nbsp;<\/p>\n","protected":false},"excerpt":{"rendered":"<p>Bis zur Mitte der ersten Halbzeit lief alles wie gewohnt. Die Defensive stand und das Tempospiel funktionierte ausgezeichnet. Der Lohn war eine 6-2 F\u00fchrung. Dann passierte, was nicht passieren durfte. Jessi knickte um und verletzte sich. Eine Diagnose steht zwar noch aus, aber es k\u00f6nnte durchaus eine B\u00e4nderverletzung sein. Wir w\u00fcnschen Dir alles Gute Jessi [&hellip;]<\/p>\n","protected":false},"author":3,"featured_media":0,"comment_status":"closed","ping_status":"closed","sticky":false,"template":"","format":"standard","meta":{"footnotes":""},"categories":[1],"tags":[],"_links":{"self":[{"href":"https:\/\/sw-osterfeine.de\/index.php?rest_route=\/wp\/v2\/posts\/15850"}],"collection":[{"href":"https:\/\/sw-osterfeine.de\/index.php?rest_route=\/wp\/v2\/posts"}],"about":[{"href":"https:\/\/sw-osterfeine.de\/index.php?rest_route=\/wp\/v2\/types\/post"}],"author":[{"embeddable":true,"href":"https:\/\/sw-osterfeine.de\/index.php?rest_route=\/wp\/v2\/users\/3"}],"replies":[{"embeddable":true,"href":"https:\/\/sw-osterfeine.de\/index.php?rest_route=%2Fwp%2Fv2%2Fcomments&post=15850"}],"version-history":[{"count":2,"href":"https:\/\/sw-osterfeine.de\/index.php?rest_route=\/wp\/v2\/posts\/15850\/revisions"}],"predecessor-version":[{"id":15852,"href":"https:\/\/sw-osterfeine.de\/index.php?rest_route=\/wp\/v2\/posts\/15850\/revisions\/15852"}],"wp:attachment":[{"href":"https:\/\/sw-osterfeine.de\/index.php?rest_route=%2Fwp%2Fv2%2Fmedia&parent=15850"}],"wp:term":[{"taxonomy":"category","embeddable":true,"href":"https:\/\/sw-osterfeine.de\/index.php?rest_route=%2Fwp%2Fv2%2Fcategories&post=15850"},{"taxonomy":"post_tag","embeddable":true,"href":"https:\/\/sw-osterfeine.de\/index.php?rest_route=%2Fwp%2Fv2%2Ftags&post=15850"}],"curies":[{"name":"wp","href":"https:\/\/api.w.org\/{rel}","templated":true}]}}