{"id":15904,"date":"2016-03-09T09:26:53","date_gmt":"2016-03-09T08:26:53","guid":{"rendered":"http:\/\/sw-osterfeine.de\/?p=15904"},"modified":"2016-03-09T09:26:53","modified_gmt":"2016-03-09T08:26:53","slug":"damenhandball-regionsoberliga","status":"publish","type":"post","link":"https:\/\/sw-osterfeine.de\/?p=15904","title":{"rendered":"Damenhandball-Regionsoberliga"},"content":{"rendered":"<p>Sehr geehrte Leser(innen) !<\/p>\n<p>Im Kr\u00e4ftemessen mit dem Nordkreisrivalen Frisia Goldenstedt II &#8222;fasten&#8220; die SWO-Regionsoberligahandballerinnen schon seit der Saison 2004\/05 und holen keine Punkte! Auch am Samstag (5. M\u00e4rz 2016) siegten die G\u00e4ste mit 27-22 (15-13) in der Osterfeiner Sportarena. Vor heimischer Kulisse fehlten der Osterfeiner Reserve (2 TW, 8 Feldspieler) die Alternativen, die Frisia-Torfrau hielt 16 W\u00fcrfe und der Goldenstedter R\u00fcckraum machte einfache Tore. Frisia-Trainerin Marietta Engelmann freute sich \u00fcber den dritten Ausw\u00e4rtssieg nacheinander in dieser Saison. K\u00e4mpferisch hat SW Osterfeine II alles gegeben und spielte mit : Iris, Frida (im Tor), Rebecca (1), Dorothee (3), Jessica (4), Amelie (7), Ulrike (2), Christin, Kerstin und Verena (5). Am Samstag, den 12. M\u00e4rz 2016 (16.3O Uhr) empf\u00e4ngt Osterfeine den Tabellenvierten SV Cappeln II und wir freuen uns \u00fcber Unterst\u00fctzung von der Trib\u00fcne!<\/p>\n<p>&nbsp;<\/p>\n","protected":false},"excerpt":{"rendered":"<p>Sehr geehrte Leser(innen) ! Im Kr\u00e4ftemessen mit dem Nordkreisrivalen Frisia Goldenstedt II &#8222;fasten&#8220; die SWO-Regionsoberligahandballerinnen schon seit der Saison 2004\/05 und holen keine Punkte! Auch am Samstag (5. M\u00e4rz 2016) siegten die G\u00e4ste mit 27-22 (15-13) in der Osterfeiner Sportarena. Vor heimischer Kulisse fehlten der Osterfeiner Reserve (2 TW, 8 Feldspieler) die Alternativen, die Frisia-Torfrau [&hellip;]<\/p>\n","protected":false},"author":3,"featured_media":0,"comment_status":"closed","ping_status":"closed","sticky":false,"template":"","format":"standard","meta":{"footnotes":""},"categories":[1],"tags":[],"_links":{"self":[{"href":"https:\/\/sw-osterfeine.de\/index.php?rest_route=\/wp\/v2\/posts\/15904"}],"collection":[{"href":"https:\/\/sw-osterfeine.de\/index.php?rest_route=\/wp\/v2\/posts"}],"about":[{"href":"https:\/\/sw-osterfeine.de\/index.php?rest_route=\/wp\/v2\/types\/post"}],"author":[{"embeddable":true,"href":"https:\/\/sw-osterfeine.de\/index.php?rest_route=\/wp\/v2\/users\/3"}],"replies":[{"embeddable":true,"href":"https:\/\/sw-osterfeine.de\/index.php?rest_route=%2Fwp%2Fv2%2Fcomments&post=15904"}],"version-history":[{"count":1,"href":"https:\/\/sw-osterfeine.de\/index.php?rest_route=\/wp\/v2\/posts\/15904\/revisions"}],"predecessor-version":[{"id":15905,"href":"https:\/\/sw-osterfeine.de\/index.php?rest_route=\/wp\/v2\/posts\/15904\/revisions\/15905"}],"wp:attachment":[{"href":"https:\/\/sw-osterfeine.de\/index.php?rest_route=%2Fwp%2Fv2%2Fmedia&parent=15904"}],"wp:term":[{"taxonomy":"category","embeddable":true,"href":"https:\/\/sw-osterfeine.de\/index.php?rest_route=%2Fwp%2Fv2%2Fcategories&post=15904"},{"taxonomy":"post_tag","embeddable":true,"href":"https:\/\/sw-osterfeine.de\/index.php?rest_route=%2Fwp%2Fv2%2Ftags&post=15904"}],"curies":[{"name":"wp","href":"https:\/\/api.w.org\/{rel}","templated":true}]}}