{"id":15918,"date":"2016-03-11T08:13:45","date_gmt":"2016-03-11T07:13:45","guid":{"rendered":"http:\/\/sw-osterfeine.de\/?p=15918"},"modified":"2016-03-11T08:13:45","modified_gmt":"2016-03-11T07:13:45","slug":"dritte-seit-5-monaten-ohne-punktverlust","status":"publish","type":"post","link":"https:\/\/sw-osterfeine.de\/?p=15918","title":{"rendered":"Dritte seit 5 Monaten ohne Punktverlust!!!"},"content":{"rendered":"<p>Auf eine stolze Bilanz kann unsere Dritte derzeit verweisen. Seit nunmehr exakt 5 Monaten ist die Mannschaft ohne Punktverlust. Die letzten 3 Spiele im Oktober wurden gewonnen, danach gab es nur spielfreie Tage, Winterpause und Spielausf\u00e4lle. Auch der R\u00fcckrundenstart in Oythe fiel ins Wasser, dieses Wochenende steht mal wieder spielfrei auf dem Spielplan. Nun soll es am 20.3.2016 in GW M\u00fchlen III erstmals um Punkte gehen.<\/p>\n<p>Immerhin konnte ein Vorbereitungsspiel stattfinden, welches mit einem gerechten 3:3 gegen Lemf\u00f6rde II endete. Die Tore f\u00fcr unsere Mannschaft erzielten Markus Lapke, Peter R\u00f6mer und Pocs Andreas Lange. Pocs erzielte dieses Tor als Torwart mit einem langen Abschlag, der \u00fcber Freund und Feind hinwegsegelte, vor dem Torwart auftippte und dann den Weg direkt ins gegnerische Tor fand. Dieses Kunstst\u00fcck schaffte in Osterfeine nur Torwartlegende Marco Otte vor Pocs.<\/p>\n<p>Die Trainingsbeteiligung der Mannschaft ist weiterhin im h\u00f6heren zweistelligen Bereich und wer Lust auf Fu\u00dfball hat, ist jeden Donnerstag um 19.00 Uhr in Osterfeine gern gesehen zum Training. Kommt einfach vorbei.<\/p>\n<p>Die Dritte<\/p>\n","protected":false},"excerpt":{"rendered":"<p>Auf eine stolze Bilanz kann unsere Dritte derzeit verweisen. Seit nunmehr exakt 5 Monaten ist die Mannschaft ohne Punktverlust. Die letzten 3 Spiele im Oktober wurden gewonnen, danach gab es nur spielfreie Tage, Winterpause und Spielausf\u00e4lle. Auch der R\u00fcckrundenstart in Oythe fiel ins Wasser, dieses Wochenende steht mal wieder spielfrei auf dem Spielplan. Nun soll [&hellip;]<\/p>\n","protected":false},"author":3,"featured_media":0,"comment_status":"closed","ping_status":"closed","sticky":false,"template":"","format":"standard","meta":{"footnotes":""},"categories":[3],"tags":[],"_links":{"self":[{"href":"https:\/\/sw-osterfeine.de\/index.php?rest_route=\/wp\/v2\/posts\/15918"}],"collection":[{"href":"https:\/\/sw-osterfeine.de\/index.php?rest_route=\/wp\/v2\/posts"}],"about":[{"href":"https:\/\/sw-osterfeine.de\/index.php?rest_route=\/wp\/v2\/types\/post"}],"author":[{"embeddable":true,"href":"https:\/\/sw-osterfeine.de\/index.php?rest_route=\/wp\/v2\/users\/3"}],"replies":[{"embeddable":true,"href":"https:\/\/sw-osterfeine.de\/index.php?rest_route=%2Fwp%2Fv2%2Fcomments&post=15918"}],"version-history":[{"count":1,"href":"https:\/\/sw-osterfeine.de\/index.php?rest_route=\/wp\/v2\/posts\/15918\/revisions"}],"predecessor-version":[{"id":15919,"href":"https:\/\/sw-osterfeine.de\/index.php?rest_route=\/wp\/v2\/posts\/15918\/revisions\/15919"}],"wp:attachment":[{"href":"https:\/\/sw-osterfeine.de\/index.php?rest_route=%2Fwp%2Fv2%2Fmedia&parent=15918"}],"wp:term":[{"taxonomy":"category","embeddable":true,"href":"https:\/\/sw-osterfeine.de\/index.php?rest_route=%2Fwp%2Fv2%2Fcategories&post=15918"},{"taxonomy":"post_tag","embeddable":true,"href":"https:\/\/sw-osterfeine.de\/index.php?rest_route=%2Fwp%2Fv2%2Ftags&post=15918"}],"curies":[{"name":"wp","href":"https:\/\/api.w.org\/{rel}","templated":true}]}}