{"id":15920,"date":"2016-03-11T08:15:16","date_gmt":"2016-03-11T07:15:16","guid":{"rendered":"http:\/\/sw-osterfeine.de\/?p=15920"},"modified":"2016-03-16T15:22:20","modified_gmt":"2016-03-16T14:22:20","slug":"15920","status":"publish","type":"post","link":"https:\/\/sw-osterfeine.de\/?p=15920","title":{"rendered":"Vorwort"},"content":{"rendered":"<p>\u00a0<strong><em>Liebe Leser von Schwarz-Wei\u00df Aktuell,<\/em><\/strong><\/p>\n<p>\u00a0der Sportverein SW Osterfeine hei\u00dft alle G\u00e4ste zum Bezirksliga Derby zwischen Schwarz-Wei\u00df Osterfeine und den SV Falke Steinfeld recht herzlich willkommen. Unser Gast aus der Nachbargemeinde konnte gleich im ersten R\u00fcckrundenspiel der Bezirksliga im Derby gegen GW M\u00fchlen m\u00e4chtig auftrumpfen. Die Falken scheinen ihren Angriffsflug in Richtung Tabellenspitze fortzuf\u00fchren. Unsere Jungs mussten in zwei R\u00fcckrundenduellen gegen die Cloppenburger Vereine BV Garrel und STV Bar\u00dfel zwei Niederlagen einstecken. Aber Fu\u00dfballkenner und -interessierte wissen, dass der Fu\u00dfball oftmals seine eigenen Gesetze schreibt. Auch wenn die Ergebnisse beider Teams in den letzten Wochen g\u00e4nzlich unterschiedlich sind, ist der Ausgang der heutigen Partie komplett offen. Vielleicht gelingt unserer Mannschaft ein Achtungserfolg gegen die favorisierten Steinfelder.\u00a0\u00a0\u00a0\u00a0<\/p>\n<p>Unsere II-Herrenmannschaft und unsere A-Jugend starten an diesem Wochenende in die R\u00fcckrunde. Aufgrund der anhaltenden Regenperiode, die bereits \u00fcber Wochen andauert, sind die \u00f6rtlichen Vereine gezwungen viele Spiele abzusagen. Somit beginnt die II-Herrenmannschaft erst heute um 13:15 Uhr in Dinklage die R\u00fcckserie und trifft auf den ehemaligen Trainer der II-Herren Hartmut Schreiber. Unsere Jugendkicker aus Osterfeine treffen in Neuenkirchen auf die Spielgemeinschaft Neuenkirchen \u2013 V\u00f6rden. Unsere III-Herrenmannschaft beginnt erst Ende M\u00e4rz ihre R\u00fcckrunde.\u00a0\u00a0<\/p>\n<p>Ein Einblick in die Vielseitigkeit des Sportvereins Osterfeine lieferte am vergangen Freitag die informative und stimmungsvolle Generalversammlung. Hierzu finden Vereinssympathisanten und Interessierte auf unserer Internetseite (www.sw-osterfeine.de) den Bericht des 1. Vorsitzenden. Dieser beschreibt die mannigfachen Aufgaben der Vereinsarbeit in Osterfeine. All die zahlreichen Unternehmungen, Anstrengungen und vieles mehr, w\u00e4ren ohne den zahlreichen Ehrenamtlichen Helfern und G\u00f6nnern nicht m\u00f6glich gewesen.<\/p>\n<p>Deshalb bedankt sich der Vorstand von SW Osterfeine bei allen OSVer die sich im vergangenen Jahr mit Liebe und Herzblut f\u00fcr Euren Verein Schwarz-Wei\u00df Osterfeine eingesetzt haben.<\/p>\n<p>&nbsp;<\/p>\n<p>Viel Spa\u00df beim Lesen!<\/p>\n<p>&nbsp;<\/p>\n<p>Christian Hellebusch<\/p>\n","protected":false},"excerpt":{"rendered":"<p>\u00a0Liebe Leser von Schwarz-Wei\u00df Aktuell, \u00a0der Sportverein SW Osterfeine hei\u00dft alle G\u00e4ste zum Bezirksliga Derby zwischen Schwarz-Wei\u00df Osterfeine und den SV Falke Steinfeld recht herzlich willkommen. Unser Gast aus der Nachbargemeinde konnte gleich im ersten R\u00fcckrundenspiel der Bezirksliga im Derby gegen GW M\u00fchlen m\u00e4chtig auftrumpfen. Die Falken scheinen ihren Angriffsflug in Richtung Tabellenspitze fortzuf\u00fchren. Unsere [&hellip;]<\/p>\n","protected":false},"author":3,"featured_media":0,"comment_status":"closed","ping_status":"closed","sticky":false,"template":"","format":"standard","meta":{"footnotes":""},"categories":[3],"tags":[],"_links":{"self":[{"href":"https:\/\/sw-osterfeine.de\/index.php?rest_route=\/wp\/v2\/posts\/15920"}],"collection":[{"href":"https:\/\/sw-osterfeine.de\/index.php?rest_route=\/wp\/v2\/posts"}],"about":[{"href":"https:\/\/sw-osterfeine.de\/index.php?rest_route=\/wp\/v2\/types\/post"}],"author":[{"embeddable":true,"href":"https:\/\/sw-osterfeine.de\/index.php?rest_route=\/wp\/v2\/users\/3"}],"replies":[{"embeddable":true,"href":"https:\/\/sw-osterfeine.de\/index.php?rest_route=%2Fwp%2Fv2%2Fcomments&post=15920"}],"version-history":[{"count":2,"href":"https:\/\/sw-osterfeine.de\/index.php?rest_route=\/wp\/v2\/posts\/15920\/revisions"}],"predecessor-version":[{"id":15941,"href":"https:\/\/sw-osterfeine.de\/index.php?rest_route=\/wp\/v2\/posts\/15920\/revisions\/15941"}],"wp:attachment":[{"href":"https:\/\/sw-osterfeine.de\/index.php?rest_route=%2Fwp%2Fv2%2Fmedia&parent=15920"}],"wp:term":[{"taxonomy":"category","embeddable":true,"href":"https:\/\/sw-osterfeine.de\/index.php?rest_route=%2Fwp%2Fv2%2Fcategories&post=15920"},{"taxonomy":"post_tag","embeddable":true,"href":"https:\/\/sw-osterfeine.de\/index.php?rest_route=%2Fwp%2Fv2%2Ftags&post=15920"}],"curies":[{"name":"wp","href":"https:\/\/api.w.org\/{rel}","templated":true}]}}