{"id":15922,"date":"2016-03-11T08:16:53","date_gmt":"2016-03-11T07:16:53","guid":{"rendered":"http:\/\/sw-osterfeine.de\/?p=15922"},"modified":"2016-03-11T08:17:54","modified_gmt":"2016-03-11T07:17:54","slug":"1-damen-weser-ems-liga-sued","status":"publish","type":"post","link":"https:\/\/sw-osterfeine.de\/?p=15922","title":{"rendered":"1.Damen WESER \u2013 EMS \u2013 LIGA S\u00dcD"},"content":{"rendered":"<p><strong>Samstag, 12.03.2016\u00a0\u00a0\u00a0 18:30 Uhr\u00a0\u00a0 TV Bissendorf-Holte<\/strong><\/p>\n<p>Nach dem Liga Hit wartet schon die n\u00e4chste Saison Aufgabe auf unsere 1.Damen. Zum 19. Saisonspiel erwartet unser Team die Mannschaft vom TV Bissendorf-Holte.<\/p>\n<p>Mit diesem Gegner verbindet Trainer Michael Niepert sicher ein paar Besonderheiten und Erinnerungen. Allerdings sind vom Team der vergangenen erfolgreichen Zeiten nur noch 3 Spielerinnen im Kader des TVB. Dennoch kennt er die Mannschaft aus seiner Nachbarschaft sehr genau und pflegt einen regen Austausch mit dem G\u00e4stetrainer.<\/p>\n<p><!--more--><\/p>\n<p>Erfolgreich begann die Saison des mittlerweilen Tabellenletzten, mit 4:2 Punkte startete der Aufsteiger sehr viel versprechend in die Saison. Verletzungspech, Studienausf\u00e4lle und ein enger Kader lie\u00dfen es nicht zu den erfolgreichen Weg weiter fort zusetzen. Dennoch ruft Trainer Andreas Podschull von Woche zu Woche das vorhandene Potenzial bei der Mannschaft ab und das Team zeigt trotz der langen negativen Serie eine hervorragende Moral. Mit Lea Wessel kommt nach \u00fcberstandenem Kreuzbandriss die Haupttorsch\u00fctzin aus der letzten Saison ins Team zur\u00fcck. Kampf und Begeisterung zeichnet zudem die weiteren St\u00e4rken einer Mannschaft aus, die sicher am Kl\u00fcneneberg alles geben wird.<\/p>\n<p>F\u00fcr unsere Damen ist es wichtig die Leichtigkeit und die Freude mit ins Spiel zunehmen die gerade im letzten Spiel gegen Holdorf zu sp\u00fcren war. Schwarzwei\u00dfe Bescheidenheit legte das Team bereits wieder in dieser Trainingswoche an den Tag. Man hatte das Highlight der Saison mit den vielen positiven Schlagzeilen und W\u00fcnschen bereits hinter sich gelassen. Nur mit hoher Konzentration und dem erfolgreichen Deckungsverhalten kann unsere Mannschaft erfolgreich in das Angriffsspiel kommen. Mit unseren Fans und Zuschauer im R\u00fccken soll der n\u00e4chste Heimsieg m\u00f6glich sein, wir wollen das \u201eOsterfeiner Gemeinschaftsprojekt\u201c weiter f\u00fchren.<\/p>\n<p>Am Samstag ab 18:30 Uhr freuen sich die Mannschaft und das Trainerteam wieder auf zahlreiche Unterst\u00fctzung.<\/p>\n<p>\u2026.. wird es hei\u00df tragen wir schwarz-weiss\u2026..<\/p>\n<p>&nbsp;<\/p>\n<p>&#8211; Michael Niepert-<\/p>\n<p>&nbsp;<\/p>\n<p>&nbsp;<\/p>\n<p>&nbsp;<\/p>\n","protected":false},"excerpt":{"rendered":"<p>Samstag, 12.03.2016\u00a0\u00a0\u00a0 18:30 Uhr\u00a0\u00a0 TV Bissendorf-Holte Nach dem Liga Hit wartet schon die n\u00e4chste Saison Aufgabe auf unsere 1.Damen. Zum 19. Saisonspiel erwartet unser Team die Mannschaft vom TV Bissendorf-Holte. Mit diesem Gegner verbindet Trainer Michael Niepert sicher ein paar Besonderheiten und Erinnerungen. Allerdings sind vom Team der vergangenen erfolgreichen Zeiten nur noch 3 Spielerinnen [&hellip;]<\/p>\n","protected":false},"author":3,"featured_media":0,"comment_status":"closed","ping_status":"closed","sticky":false,"template":"","format":"standard","meta":{"footnotes":""},"categories":[1],"tags":[],"_links":{"self":[{"href":"https:\/\/sw-osterfeine.de\/index.php?rest_route=\/wp\/v2\/posts\/15922"}],"collection":[{"href":"https:\/\/sw-osterfeine.de\/index.php?rest_route=\/wp\/v2\/posts"}],"about":[{"href":"https:\/\/sw-osterfeine.de\/index.php?rest_route=\/wp\/v2\/types\/post"}],"author":[{"embeddable":true,"href":"https:\/\/sw-osterfeine.de\/index.php?rest_route=\/wp\/v2\/users\/3"}],"replies":[{"embeddable":true,"href":"https:\/\/sw-osterfeine.de\/index.php?rest_route=%2Fwp%2Fv2%2Fcomments&post=15922"}],"version-history":[{"count":2,"href":"https:\/\/sw-osterfeine.de\/index.php?rest_route=\/wp\/v2\/posts\/15922\/revisions"}],"predecessor-version":[{"id":15924,"href":"https:\/\/sw-osterfeine.de\/index.php?rest_route=\/wp\/v2\/posts\/15922\/revisions\/15924"}],"wp:attachment":[{"href":"https:\/\/sw-osterfeine.de\/index.php?rest_route=%2Fwp%2Fv2%2Fmedia&parent=15922"}],"wp:term":[{"taxonomy":"category","embeddable":true,"href":"https:\/\/sw-osterfeine.de\/index.php?rest_route=%2Fwp%2Fv2%2Fcategories&post=15922"},{"taxonomy":"post_tag","embeddable":true,"href":"https:\/\/sw-osterfeine.de\/index.php?rest_route=%2Fwp%2Fv2%2Ftags&post=15922"}],"curies":[{"name":"wp","href":"https:\/\/api.w.org\/{rel}","templated":true}]}}