{"id":15927,"date":"2016-03-14T11:41:16","date_gmt":"2016-03-14T10:41:16","guid":{"rendered":"http:\/\/sw-osterfeine.de\/?p=15927"},"modified":"2016-03-15T09:31:40","modified_gmt":"2016-03-15T08:31:40","slug":"15927","status":"publish","type":"post","link":"https:\/\/sw-osterfeine.de\/?p=15927","title":{"rendered":"Badberger-Fr\u00fchlingslauf"},"content":{"rendered":"<p>Am Samstag, den 12. M\u00e4rz 2016, starteten 3 L\u00e4ufer vom Lauftreff SW Osterfeine beim Badberger-Fr\u00fchlingslauf. Die 254 Teilnehmer warteten auf den Startschuss f\u00fcr die 5,2km und 10,4km Strecke, der sich um 20 Minuten verz\u00f6gerte. Jedoch wurden die Strecken sehr gut ausgeschildert und die Laufbedingungen waren optimal. Nach der Anstrengung und der folgenden Siegerehrung g\u00f6nnten sich die L\u00e4ufer noch das ein oder andere St\u00fcck Kuchen von der gro\u00dfen Angebotspalette.<\/p>\n<p>Folgende Laufergebnisse ergaben sich f\u00fcr den Lauftreff SW Osterfeine:<\/p>\n<p><strong>5,2km<\/strong><\/p>\n<p>Jannik Steinkamp, 21. Platz von 47 Teilnehmern, Zeit 27:20 Minuten<\/p>\n<p>\u00a0<!--more--><\/p>\n<p><strong>10,4km:<\/strong><\/p>\n<p>Franz Steinkamp, 30. Platz von 207 Teilnehmern, Zeit 44:45 Minuten<\/p>\n<p>Olaf Dickmayer, 167. Platz von 207 Teilnehmern, Zeit 57:20 Minuten<\/p>\n<p>&nbsp;<\/p>\n<p>N\u00e4chster Lauf: Klippenlauf Ibbenb\u00fcren am Samstag, den 19.03.2016<\/p>\n<p>&nbsp;<\/p>\n<p>Sportlicher Gru\u00df, Steinkamp!<\/p>\n","protected":false},"excerpt":{"rendered":"<p>Am Samstag, den 12. M\u00e4rz 2016, starteten 3 L\u00e4ufer vom Lauftreff SW Osterfeine beim Badberger-Fr\u00fchlingslauf. Die 254 Teilnehmer warteten auf den Startschuss f\u00fcr die 5,2km und 10,4km Strecke, der sich um 20 Minuten verz\u00f6gerte. Jedoch wurden die Strecken sehr gut ausgeschildert und die Laufbedingungen waren optimal. Nach der Anstrengung und der folgenden Siegerehrung g\u00f6nnten sich [&hellip;]<\/p>\n","protected":false},"author":3,"featured_media":0,"comment_status":"closed","ping_status":"closed","sticky":false,"template":"","format":"standard","meta":{"footnotes":""},"categories":[38],"tags":[],"_links":{"self":[{"href":"https:\/\/sw-osterfeine.de\/index.php?rest_route=\/wp\/v2\/posts\/15927"}],"collection":[{"href":"https:\/\/sw-osterfeine.de\/index.php?rest_route=\/wp\/v2\/posts"}],"about":[{"href":"https:\/\/sw-osterfeine.de\/index.php?rest_route=\/wp\/v2\/types\/post"}],"author":[{"embeddable":true,"href":"https:\/\/sw-osterfeine.de\/index.php?rest_route=\/wp\/v2\/users\/3"}],"replies":[{"embeddable":true,"href":"https:\/\/sw-osterfeine.de\/index.php?rest_route=%2Fwp%2Fv2%2Fcomments&post=15927"}],"version-history":[{"count":2,"href":"https:\/\/sw-osterfeine.de\/index.php?rest_route=\/wp\/v2\/posts\/15927\/revisions"}],"predecessor-version":[{"id":15929,"href":"https:\/\/sw-osterfeine.de\/index.php?rest_route=\/wp\/v2\/posts\/15927\/revisions\/15929"}],"wp:attachment":[{"href":"https:\/\/sw-osterfeine.de\/index.php?rest_route=%2Fwp%2Fv2%2Fmedia&parent=15927"}],"wp:term":[{"taxonomy":"category","embeddable":true,"href":"https:\/\/sw-osterfeine.de\/index.php?rest_route=%2Fwp%2Fv2%2Fcategories&post=15927"},{"taxonomy":"post_tag","embeddable":true,"href":"https:\/\/sw-osterfeine.de\/index.php?rest_route=%2Fwp%2Fv2%2Ftags&post=15927"}],"curies":[{"name":"wp","href":"https:\/\/api.w.org\/{rel}","templated":true}]}}