{"id":15931,"date":"2016-03-15T11:59:30","date_gmt":"2016-03-15T10:59:30","guid":{"rendered":"http:\/\/sw-osterfeine.de\/?p=15931"},"modified":"2016-03-15T11:59:30","modified_gmt":"2016-03-15T10:59:30","slug":"tus-lemfoerde-wjb-1-15-10","status":"publish","type":"post","link":"https:\/\/sw-osterfeine.de\/?p=15931","title":{"rendered":"TuS Lemf\u00f6rde &#8211; WJB 1: 15 \u2013 10"},"content":{"rendered":"<p>Mein erster Gru\u00df geht an dieser Stelle an meine Freunde und Trainerkollegen Hartmut D\u00fcmmermann und Richard Preen. Gl\u00fcckwunsch Euch und Eurem Team zur Meisterschaft, wer am Ende oben steht hat es auch verdient! Ebenso in Richtung Neuenhaus! Das war ein geiler Dreikampf dies Jahr!<\/p>\n<p>\u00a0Im Spiel gegen Lemf\u00f6rde haben wir die letzten Kr\u00e4fte mobilisiert. Julia, Anna W., Hannah und Laura haben erst A-Jugend gespielt, eh sie Heidi direkt nach Lemf\u00f6rde gebracht hat, wo das Spiel um den Titel anstand.<\/p>\n<p>Es entwickelte sich die erwartete Abwehrschlacht, und ich bin sehr stolz, mit wie viel Elan und Kampfgeist mein Team das letzte an Power aus sich rausholte. Wieder musste der komplette R\u00fcckraum durchspielen. Aber angetrieben durch eine \u00fcberragende Frauke konnten wir bis zur 40 Minute, wo es gerademal 6 zu 6 stand (!), mit einer tollen Defensivleistung die Chancen auf den Titel wahren. Dann aber machte sich der Unterschied in der Breite der beiden Kader bemerkbar. Wir waren stehend k.o. und Lemf\u00f6rde hatte die Bank, um noch mal das Tempo anzuziehen. Nach 17 Spieltagen ununterbrochen auf dem ersten Platz reichten demnach 10 Minuten, um uns bis auf Platz 3 durchzureichen. Am Ende siegte Lemf\u00f6rde 15 zu 10, und insbesondere die Tatsache, dass wir alle 5 Strafw\u00fcrfe vergaben, schmerzt nat\u00fcrlich doppelt. Aber so ein Titel ist immer auch nur eine Momentaufnahme, denn in der Jugend geht es nicht um Auf- oder Abstieg.<!--more--><\/p>\n<p>Bewusst haben wir in Osterfeiner Tradition ausschlie\u00dflich auf eigene Spielerinnen gesetzt. So ging uns durch die Verletzungen von Anna B. und Jasmin zwar am Ende die Luft aus, aber durch die vielen Spielanteile haben sich alle Spielerinnen im Verlauf der Saison enorm entwickelt. Nicht nur die erwarteten Leistungstr\u00e4gerinnen, besonders auch Spielerinnen wie Toni, Elisa, Gretha und ganz besonders auch Vanessa, die zum Ende der Saison komplett ins kalte Wasser geworfen wurden, haben eine wirklich beeindruckende Entwicklung genommen. Und das alles wird sich zuk\u00fcnftig (auch unter der Ber\u00fccksichtigung der Tatsache, dass unsere \u201eErste\u201c m\u00e4chtig Richtung Landesliga marschiert) bezahlt machen.<\/p>\n<p>\u00a0Ich bin stolz auf Euch M\u00e4dels, Ihr habt Gro\u00dfes geleistet! Ich selber habe in diesem Jahr sportlich eine einzige wirklich schlaue Entscheidung getroffen, und das war die, Euch weiterhin zu trainieren. Die Sorgen werden bleiben, der Kader wird nicht gr\u00f6\u00dfer, aber was Ihr daraus macht \u2013 da hab ich echt Bock drauf!<\/p>\n<p>Ich bedanke mich f\u00fcr ein echt geiles Jahr! Auch im Namen meiner M\u00e4dels. Bei den Eltern und Fans, die uns in allen Situationen massiv unterst\u00fctzt haben, beim Vorstand, der immer fest an unserer Seite war, bei Petra, Mariska und Marie. Bei Heidi f\u00fcr die super Kooperation! Bei allen Freunden und Zusprechern und nat\u00fcrlich Sponsoren!<\/p>\n<p>Und f\u00fcr alle die, die bef\u00fcrchten, der Saisonendspurt hinterl\u00e4sst bei uns einen Knacks: \u201eSamstag ging die Saison zu Ende, und Mittwoch beginnt die Vorbereitung! Wir sind hei\u00df! Wir wollen!\u201c<\/p>\n","protected":false},"excerpt":{"rendered":"<p>Mein erster Gru\u00df geht an dieser Stelle an meine Freunde und Trainerkollegen Hartmut D\u00fcmmermann und Richard Preen. Gl\u00fcckwunsch Euch und Eurem Team zur Meisterschaft, wer am Ende oben steht hat es auch verdient! Ebenso in Richtung Neuenhaus! Das war ein geiler Dreikampf dies Jahr! \u00a0Im Spiel gegen Lemf\u00f6rde haben wir die letzten Kr\u00e4fte mobilisiert. Julia, [&hellip;]<\/p>\n","protected":false},"author":3,"featured_media":0,"comment_status":"closed","ping_status":"closed","sticky":false,"template":"","format":"standard","meta":{"footnotes":""},"categories":[1],"tags":[],"_links":{"self":[{"href":"https:\/\/sw-osterfeine.de\/index.php?rest_route=\/wp\/v2\/posts\/15931"}],"collection":[{"href":"https:\/\/sw-osterfeine.de\/index.php?rest_route=\/wp\/v2\/posts"}],"about":[{"href":"https:\/\/sw-osterfeine.de\/index.php?rest_route=\/wp\/v2\/types\/post"}],"author":[{"embeddable":true,"href":"https:\/\/sw-osterfeine.de\/index.php?rest_route=\/wp\/v2\/users\/3"}],"replies":[{"embeddable":true,"href":"https:\/\/sw-osterfeine.de\/index.php?rest_route=%2Fwp%2Fv2%2Fcomments&post=15931"}],"version-history":[{"count":1,"href":"https:\/\/sw-osterfeine.de\/index.php?rest_route=\/wp\/v2\/posts\/15931\/revisions"}],"predecessor-version":[{"id":15932,"href":"https:\/\/sw-osterfeine.de\/index.php?rest_route=\/wp\/v2\/posts\/15931\/revisions\/15932"}],"wp:attachment":[{"href":"https:\/\/sw-osterfeine.de\/index.php?rest_route=%2Fwp%2Fv2%2Fmedia&parent=15931"}],"wp:term":[{"taxonomy":"category","embeddable":true,"href":"https:\/\/sw-osterfeine.de\/index.php?rest_route=%2Fwp%2Fv2%2Fcategories&post=15931"},{"taxonomy":"post_tag","embeddable":true,"href":"https:\/\/sw-osterfeine.de\/index.php?rest_route=%2Fwp%2Fv2%2Ftags&post=15931"}],"curies":[{"name":"wp","href":"https:\/\/api.w.org\/{rel}","templated":true}]}}