{"id":15942,"date":"2016-03-18T08:13:42","date_gmt":"2016-03-18T07:13:42","guid":{"rendered":"http:\/\/sw-osterfeine.de\/?p=15942"},"modified":"2016-03-18T16:57:45","modified_gmt":"2016-03-18T15:57:45","slug":"torwartriesen-verderben-unseren-regionshandballerinnen-sw-osterfeine-ii-sw-osterfeine-iii-die-siege","status":"publish","type":"post","link":"https:\/\/sw-osterfeine.de\/?p=15942","title":{"rendered":"&#8222;Torwartriesen&#8220; verderben unseren Regionshandballerinnen (SW Osterfeine II, SW Osterfeine III) die Siege!"},"content":{"rendered":"<div><em>Hallo\u00a0 Sportsfreunde\u00a0 !<\/em><\/div>\n<div>\u00a0<\/div>\n<div><strong>Regionsoberliga Damen\u00a0\u00a0\u00a0\u00a0\u00a0<\/strong><\/div>\n<div>SW Osterfeine II &#8211; SV Cappeln II<\/div>\n<div>\u00a0<\/div>\n<div>&#8222;Die Gastgeberinnen um Trainer Knochenwefel haben uns das Handballspielen ganz sch\u00f6n schwer gemacht&#8220;,\u00a0 st\u00f6hnte Cappelns Coach\u00a0 Markus Meyer.\u00a0 Vierzehn Minuten lang stand die 6-O Deckung\u00a0 (mit einer starken Frida L\u00fccke im Tor) der Schwarz-Wei\u00dfen , Cappeln II\u00a0 lag 3-O\u00a0 zur\u00fcck (!)\u00a0 knackte dann in der 18. Minute den Osterfeiner Abwehrriegel und machte aus dem R\u00fcckstand eine 8 &#8211; 5 Pausenf\u00fchrung .\u00a0 Nach Seitenwechsel lie\u00dfen die Damen aus dem Nachbarkreis \u00a0 &#8220; die Z\u00fcgel nicht locker &#8220; und gewannen mit 21 &#8211; 17 beim Tabellenachten SW Osterfeine II . Gro\u00dfen Anteil am Ausw\u00e4rtssieg hatte die 1, 9O Meter\u00a0 gro\u00dfe Tordame\u00a0 des Tabellenvierten , mit\u00a0 19 Paraden \u00e4rgerte sie die SWO &#8211; Werferinnen.<\/div>\n<p><!--more--><\/p>\n<div>\u00a0SW Osterfeine II spielte mit\u00a0 Frida L\u00fccke , Rebecca Winter , Johanna Gravemeyer , Jessica schutt (4), Amelie Heil (2), Johanna Hentemann, Kerstin Lehmkuhl (1), Ulrike Wielenberg (3), Verena St\u00e4rk, Nadine Brokamp (1), Adelmeyers\u00a0 Anne (2), Teresa Gravemeyer (3)\u00a0 und Charlotte Maue (1).<\/div>\n<div>SWO &#8211; Trainer Knochenwefel : &#8222;Wir gehen jetzt entspannt in die\u00a0 Osterferien\u00a0 und basteln verst\u00e4rkt an unserenAngriffskozeptionen, versch\u00e4rfen das Wurftraining und integrieren die flei\u00dfigen A- Jugend\u00a0 M\u00e4dels.\u00a0 Wir haben noch zwei Heimspiele und zwei Ausw\u00e4rtsspiele. Das n\u00e4chste findet beim TV Cloppenburg II\u00a0 (haben erst\u00a0 elf Punktspiele) am Freitag, den 1. April 2016 (kein Scherz !) um 2O.15 Uhr statt.<\/div>\n<div>\u00a0<\/div>\n<div>\u00a0<\/div>\n<div><strong>Regionsliga\u00a0 Damen\u00a0<\/strong>\u00a0\u00a0<\/div>\n<div>TSV Wetschen II &#8211; SW Osterfeine III<\/div>\n<div>\u00a0<\/div>\n<div>&#8220; Held des Tages &#8220; war am Sonntagabend\u00a0 in der Rehdener Waldsportst\u00e4tte der &#8220; blonde Engel &#8220;\u00a0 Viktoria Steinert\u00a0 (1, 88 Meter) im Tor des TSV Wetschen II (Platz 9). SW Osterfeine III vergab etliche Torchancen (41\u00a0 X) war trotzdem ein ebenb\u00fcrtiger Gegner. Aber die &#8220; Zweite&#8220; vom TSV\u00a0 gewann ihr erstes Heimspiel\u00a0 13-1O\u00a0 (6-4) gegen den Tabellenzehnten aus\u00a0 Osterfeine. Bei der\u00a0 &#8222;Dritten&#8220; um Teammanagerin\u00a0 Kerstin Lehmkuhl\u00a0 streifte sich nach langer Zeit wieder Anne\u00a0 Strieker das Trikot der Schwarz-Wei\u00dfen \u00fcber.\u00a0 F\u00fcr SW Osterfeine III spielten noch\u00a0 Anna Lisa Zumwalde,\u00a0 Franziska\u00a0 Wehry, Anne Bley, Vanessa Heitmann (2), Annemarie Kleemann (2), Anne Gronemeyer (2),\u00a0 Sharina Riesenbeck (3), Annalena Meyer (1) und Marita\u00a0 Meyer.\u00a0 Nun geht auch SWO III in die\u00a0 wohlverdiente, wettkampffreie Osterzeit\u00a0 und\u00a0 macht dann sein letztes Punktspiel\u00a0 der\u00a0\u00a0 Saison\u00a0 2015\/16\u00a0 vor den heimischen Zuschauern am\u00a0 9. April 2016 um 15.3O\u00a0 Uhr gegen den Rangsiebten TuS Lemf\u00f6rde II. Auch am letzten Spieltag wird SW Osterfeine III nochmal ranklotzen und alles geben um zu gewinnen! Wir dr\u00fccken euch die\u00a0 Daumen!<\/div>\n","protected":false},"excerpt":{"rendered":"<p>Hallo\u00a0 Sportsfreunde\u00a0 ! \u00a0 Regionsoberliga Damen\u00a0\u00a0\u00a0\u00a0\u00a0 SW Osterfeine II &#8211; SV Cappeln II \u00a0 &#8222;Die Gastgeberinnen um Trainer Knochenwefel haben uns das Handballspielen ganz sch\u00f6n schwer gemacht&#8220;,\u00a0 st\u00f6hnte Cappelns Coach\u00a0 Markus Meyer.\u00a0 Vierzehn Minuten lang stand die 6-O Deckung\u00a0 (mit einer starken Frida L\u00fccke im Tor) der Schwarz-Wei\u00dfen , Cappeln II\u00a0 lag 3-O\u00a0 zur\u00fcck (!)\u00a0 [&hellip;]<\/p>\n","protected":false},"author":3,"featured_media":0,"comment_status":"closed","ping_status":"closed","sticky":false,"template":"","format":"standard","meta":{"footnotes":""},"categories":[1],"tags":[],"_links":{"self":[{"href":"https:\/\/sw-osterfeine.de\/index.php?rest_route=\/wp\/v2\/posts\/15942"}],"collection":[{"href":"https:\/\/sw-osterfeine.de\/index.php?rest_route=\/wp\/v2\/posts"}],"about":[{"href":"https:\/\/sw-osterfeine.de\/index.php?rest_route=\/wp\/v2\/types\/post"}],"author":[{"embeddable":true,"href":"https:\/\/sw-osterfeine.de\/index.php?rest_route=\/wp\/v2\/users\/3"}],"replies":[{"embeddable":true,"href":"https:\/\/sw-osterfeine.de\/index.php?rest_route=%2Fwp%2Fv2%2Fcomments&post=15942"}],"version-history":[{"count":5,"href":"https:\/\/sw-osterfeine.de\/index.php?rest_route=\/wp\/v2\/posts\/15942\/revisions"}],"predecessor-version":[{"id":15947,"href":"https:\/\/sw-osterfeine.de\/index.php?rest_route=\/wp\/v2\/posts\/15942\/revisions\/15947"}],"wp:attachment":[{"href":"https:\/\/sw-osterfeine.de\/index.php?rest_route=%2Fwp%2Fv2%2Fmedia&parent=15942"}],"wp:term":[{"taxonomy":"category","embeddable":true,"href":"https:\/\/sw-osterfeine.de\/index.php?rest_route=%2Fwp%2Fv2%2Fcategories&post=15942"},{"taxonomy":"post_tag","embeddable":true,"href":"https:\/\/sw-osterfeine.de\/index.php?rest_route=%2Fwp%2Fv2%2Ftags&post=15942"}],"curies":[{"name":"wp","href":"https:\/\/api.w.org\/{rel}","templated":true}]}}