{"id":15948,"date":"2016-03-21T16:19:57","date_gmt":"2016-03-21T15:19:57","guid":{"rendered":"http:\/\/sw-osterfeine.de\/?p=15948"},"modified":"2016-03-21T16:19:57","modified_gmt":"2016-03-21T15:19:57","slug":"nachwuchs-im-hause-kreymborg","status":"publish","type":"post","link":"https:\/\/sw-osterfeine.de\/?p=15948","title":{"rendered":"Nachwuchs im Hause Kreymborg"},"content":{"rendered":"<p>Unsere Handballerin Ulli Kreymborg hat Nachwuchs bekommen. Einen strammen Jungen begr\u00fc\u00dfen wir; Johann, 4080 gr schwer und schon 55 cm gro\u00df. <br \/>\n Die 1.Damen, der Vorstand und der ganze Verein gratulieren ganz herzlich den stolzen Eltern Ulrike und Ralf, sowie Jakob zu seinem neuen Kumpel und Bruder.<\/p>\n<p><a href=\"https:\/\/sw-osterfeine.de\/wp-content\/uploads\/2016\/03\/Ulrike-Kreymborg-1.jpg\" data-rel=\"lightbox-image-0\" data-rl_title=\"\" data-rl_caption=\"\" title=\"\"><img loading=\"lazy\" decoding=\"async\" class=\"alignleft size-medium wp-image-15949\" src=\"https:\/\/sw-osterfeine.de\/wp-content\/uploads\/2016\/03\/Ulrike-Kreymborg-1-300x199.jpg\" alt=\"Ulrike Kreymborg 1\" width=\"300\" height=\"199\" srcset=\"https:\/\/sw-osterfeine.de\/wp-content\/uploads\/2016\/03\/Ulrike-Kreymborg-1-300x199.jpg 300w, https:\/\/sw-osterfeine.de\/wp-content\/uploads\/2016\/03\/Ulrike-Kreymborg-1.jpg 800w\" sizes=\"(max-width: 300px) 100vw, 300px\" \/><\/a><\/p>\n","protected":false},"excerpt":{"rendered":"<p>Unsere Handballerin Ulli Kreymborg hat Nachwuchs bekommen. Einen strammen Jungen begr\u00fc\u00dfen wir; Johann, 4080 gr schwer und schon 55 cm gro\u00df. Die 1.Damen, der Vorstand und der ganze Verein gratulieren ganz herzlich den stolzen Eltern Ulrike und Ralf, sowie Jakob zu seinem neuen Kumpel und Bruder.<\/p>\n","protected":false},"author":3,"featured_media":0,"comment_status":"closed","ping_status":"closed","sticky":false,"template":"","format":"standard","meta":{"footnotes":""},"categories":[1],"tags":[],"_links":{"self":[{"href":"https:\/\/sw-osterfeine.de\/index.php?rest_route=\/wp\/v2\/posts\/15948"}],"collection":[{"href":"https:\/\/sw-osterfeine.de\/index.php?rest_route=\/wp\/v2\/posts"}],"about":[{"href":"https:\/\/sw-osterfeine.de\/index.php?rest_route=\/wp\/v2\/types\/post"}],"author":[{"embeddable":true,"href":"https:\/\/sw-osterfeine.de\/index.php?rest_route=\/wp\/v2\/users\/3"}],"replies":[{"embeddable":true,"href":"https:\/\/sw-osterfeine.de\/index.php?rest_route=%2Fwp%2Fv2%2Fcomments&post=15948"}],"version-history":[{"count":2,"href":"https:\/\/sw-osterfeine.de\/index.php?rest_route=\/wp\/v2\/posts\/15948\/revisions"}],"predecessor-version":[{"id":15951,"href":"https:\/\/sw-osterfeine.de\/index.php?rest_route=\/wp\/v2\/posts\/15948\/revisions\/15951"}],"wp:attachment":[{"href":"https:\/\/sw-osterfeine.de\/index.php?rest_route=%2Fwp%2Fv2%2Fmedia&parent=15948"}],"wp:term":[{"taxonomy":"category","embeddable":true,"href":"https:\/\/sw-osterfeine.de\/index.php?rest_route=%2Fwp%2Fv2%2Fcategories&post=15948"},{"taxonomy":"post_tag","embeddable":true,"href":"https:\/\/sw-osterfeine.de\/index.php?rest_route=%2Fwp%2Fv2%2Ftags&post=15948"}],"curies":[{"name":"wp","href":"https:\/\/api.w.org\/{rel}","templated":true}]}}