{"id":15952,"date":"2016-03-22T08:33:27","date_gmt":"2016-03-22T07:33:27","guid":{"rendered":"http:\/\/sw-osterfeine.de\/?p=15952"},"modified":"2016-03-22T09:01:27","modified_gmt":"2016-03-22T08:01:27","slug":"skifreizeit-tag-1","status":"publish","type":"post","link":"https:\/\/sw-osterfeine.de\/?p=15952","title":{"rendered":"Skifreizeit Tag 1 in Oetz"},"content":{"rendered":"<p>Am Freitag, 18.03.2016 startete der Bus um 20:30 Uhr Richtung \u00d6tz.\u00a0 An Bord waren 54 Personen. Mit drei Zwischenstopps kamen wir um 7 Uhr am Hotel J\u00e4gerhof an.\u00a0 Hier nahmen uns die Fam. Thomas Kl\u00f6nne und Stephan B\u00f6ckerstette in Empfang, die schon am Freitag angereist waren. Nach einer kurzen Besprechung mit dem Hotelbetreiber bekamen wir schon die Skip\u00e4sse ausgeh\u00e4ndigt und konnten uns am Fr\u00fchst\u00fccksbuffet bedienen. Danach haben wir einige Koffer aus dem Bus in den Skikeller gebracht. Anschlie\u00dfend sind wir in unsere Skibekleidung geschl\u00fcpft, denn die Zimmer waren, wie auch vorher besprochen, f\u00fcr uns noch nicht frei. Dann gingen wir in kleineren Gruppen zum Skiverleih, um dort die Ausr\u00fcstungen zu bezahlen. Von dort ging es auf den Berg, denn dort bekamen wir die Ausr\u00fcstungen ausgeh\u00e4ndigt. Die ersten Teilnehmer der Skifreizeit schnallten auch gleich die Skier unter und testeten schon mal die Pisten. Es war ja auch schon 10 Uhr. Das Wetter hier ist nicht zu beschreiben: auf dem Berg ungetr\u00fcbter Sonnenschein bei gemessenen ca. 0 Grad; gef\u00fchlt ist es dort mind 20 Grad. Ihr k\u00f6nnt es euch einfach nicht vorstellen, wie sch\u00f6n das ist. Als wir dann wieder im Tal am Hotel angekommen sind konnten die ersten Hotelzimmer bezogen werden. Danach haben wir im Garten Kaffee getrunken, teils in kurzen Hosen und das im Skiurlaub.<\/p>\n<p>\u00a0Abendessen wurde uns ab 18:30 angeboten. Auch das hat ann\u00e4hernd allen Teilnehmern sehr gut geschmeckt. Die \u201eBesprechung\u201c des ersten Tages fand dann im Thekenbereich bei dem einen oder anderen Getr\u00e4nk statt. Das alles ging aber nicht bis tief in die Nacht, denn es musste ja noch Schlaf nachgeholt werden. Im Bus geht das n\u00e4mlich nicht so gut.\u00a0 Heute starten die Skikurse um 10 Uhr, an denen um die 40 Personen unserer Gruppe teilnehmen.\u00a0<\/p>\n<p>Bilder werden wir euch im Laufe der Woche sicher noch einige zukommen lassen.\u00a0<\/p>\n<p>Alles in allem kann man es so zusammenfassen:<\/p>\n<p>Alle Teilnehmer sind bestens gelaunt und die Stimmung ist sehr gut.\u00a0 Jetzt geht\u2019s erst mal wieder zum Fr\u00fchst\u00fcck um uns f\u00fcr den Tag zu st\u00e4rken.<\/p>\n<p>Gru\u00df<\/p>\n<p>Christof<\/p>\n<p>&nbsp;<\/p>\n","protected":false},"excerpt":{"rendered":"<p>Am Freitag, 18.03.2016 startete der Bus um 20:30 Uhr Richtung \u00d6tz.\u00a0 An Bord waren 54 Personen. Mit drei Zwischenstopps kamen wir um 7 Uhr am Hotel J\u00e4gerhof an.\u00a0 Hier nahmen uns die Fam. Thomas Kl\u00f6nne und Stephan B\u00f6ckerstette in Empfang, die schon am Freitag angereist waren. Nach einer kurzen Besprechung mit dem Hotelbetreiber bekamen wir [&hellip;]<\/p>\n","protected":false},"author":3,"featured_media":0,"comment_status":"closed","ping_status":"closed","sticky":false,"template":"","format":"standard","meta":{"footnotes":""},"categories":[37],"tags":[],"_links":{"self":[{"href":"https:\/\/sw-osterfeine.de\/index.php?rest_route=\/wp\/v2\/posts\/15952"}],"collection":[{"href":"https:\/\/sw-osterfeine.de\/index.php?rest_route=\/wp\/v2\/posts"}],"about":[{"href":"https:\/\/sw-osterfeine.de\/index.php?rest_route=\/wp\/v2\/types\/post"}],"author":[{"embeddable":true,"href":"https:\/\/sw-osterfeine.de\/index.php?rest_route=\/wp\/v2\/users\/3"}],"replies":[{"embeddable":true,"href":"https:\/\/sw-osterfeine.de\/index.php?rest_route=%2Fwp%2Fv2%2Fcomments&post=15952"}],"version-history":[{"count":3,"href":"https:\/\/sw-osterfeine.de\/index.php?rest_route=\/wp\/v2\/posts\/15952\/revisions"}],"predecessor-version":[{"id":15971,"href":"https:\/\/sw-osterfeine.de\/index.php?rest_route=\/wp\/v2\/posts\/15952\/revisions\/15971"}],"wp:attachment":[{"href":"https:\/\/sw-osterfeine.de\/index.php?rest_route=%2Fwp%2Fv2%2Fmedia&parent=15952"}],"wp:term":[{"taxonomy":"category","embeddable":true,"href":"https:\/\/sw-osterfeine.de\/index.php?rest_route=%2Fwp%2Fv2%2Fcategories&post=15952"},{"taxonomy":"post_tag","embeddable":true,"href":"https:\/\/sw-osterfeine.de\/index.php?rest_route=%2Fwp%2Fv2%2Ftags&post=15952"}],"curies":[{"name":"wp","href":"https:\/\/api.w.org\/{rel}","templated":true}]}}