{"id":15956,"date":"2016-03-22T09:01:04","date_gmt":"2016-03-22T08:01:04","guid":{"rendered":"http:\/\/sw-osterfeine.de\/?p=15956"},"modified":"2016-03-22T09:01:04","modified_gmt":"2016-03-22T08:01:04","slug":"skifreizeit-tag-3-in-oetz","status":"publish","type":"post","link":"https:\/\/sw-osterfeine.de\/?p=15956","title":{"rendered":"Skifreizeit Tag 3 in Oetz"},"content":{"rendered":"<p>Nachdem der zweite Tag an der Bar im J\u00e4gerhof noch lustig ausgeklungen ist, begannen wir den dritten Tag frohgelaunt und mit sch\u00f6nstem Wetter und dem zweiten Geburtstagskind. Die Sonnenbrandgefahr liegt immer noch bei ann\u00e4hernd 100 %. Wir st\u00e4rkten uns am reichlichen Fr\u00fchst\u00fccksbuffet und machten uns auf zum Berg. F\u00fcr die Anf\u00e4nger unter den Skifahrern begann der zweite Tag der Skischule. Nach einem schwei\u00dftreibenden und anstrengenden Beginn des Skikurses am Sonntag hatten wir unserer erstes Erfolgserlebnis. Die erste Piste wurde bezwungen. Nun sind auch wir in die Welt des Skifahrens eingedrungen. Ersch\u00f6pft und gl\u00fccklich sind wir an diesem Tag den Berg wieder heruntergefahren. Die Zeit vergeht wie im Flug. Beim Abendessen stellten wir fest, dass einige unserer Truppe wohl den Weg zum Hotel nicht zur\u00fcckgefunden hatten. Nach einigen ratlosen Gesichtern stellte sich heraus, dass schon die erste Apreskiparty im Hotel Stecher stattfand. Nach einiger Zeit tauchten die verlorenen Schafe wieder auf. Bei der Skifreizeit geht halt keiner verloren.\u00a0 <\/p>\n<p>Morgen erwarten wir Besuch von Skifahrern aus M\u00fchlen.\u00a0 <\/p>\n<p>Viele Gr\u00fc\u00dfe<\/p>\n<p>Ulrike Kampsen<\/p>\n<p>&nbsp;<\/p>\n","protected":false},"excerpt":{"rendered":"<p>Nachdem der zweite Tag an der Bar im J\u00e4gerhof noch lustig ausgeklungen ist, begannen wir den dritten Tag frohgelaunt und mit sch\u00f6nstem Wetter und dem zweiten Geburtstagskind. Die Sonnenbrandgefahr liegt immer noch bei ann\u00e4hernd 100 %. Wir st\u00e4rkten uns am reichlichen Fr\u00fchst\u00fccksbuffet und machten uns auf zum Berg. F\u00fcr die Anf\u00e4nger unter den Skifahrern begann [&hellip;]<\/p>\n","protected":false},"author":3,"featured_media":0,"comment_status":"closed","ping_status":"closed","sticky":false,"template":"","format":"standard","meta":{"footnotes":""},"categories":[3,37],"tags":[],"_links":{"self":[{"href":"https:\/\/sw-osterfeine.de\/index.php?rest_route=\/wp\/v2\/posts\/15956"}],"collection":[{"href":"https:\/\/sw-osterfeine.de\/index.php?rest_route=\/wp\/v2\/posts"}],"about":[{"href":"https:\/\/sw-osterfeine.de\/index.php?rest_route=\/wp\/v2\/types\/post"}],"author":[{"embeddable":true,"href":"https:\/\/sw-osterfeine.de\/index.php?rest_route=\/wp\/v2\/users\/3"}],"replies":[{"embeddable":true,"href":"https:\/\/sw-osterfeine.de\/index.php?rest_route=%2Fwp%2Fv2%2Fcomments&post=15956"}],"version-history":[{"count":1,"href":"https:\/\/sw-osterfeine.de\/index.php?rest_route=\/wp\/v2\/posts\/15956\/revisions"}],"predecessor-version":[{"id":15970,"href":"https:\/\/sw-osterfeine.de\/index.php?rest_route=\/wp\/v2\/posts\/15956\/revisions\/15970"}],"wp:attachment":[{"href":"https:\/\/sw-osterfeine.de\/index.php?rest_route=%2Fwp%2Fv2%2Fmedia&parent=15956"}],"wp:term":[{"taxonomy":"category","embeddable":true,"href":"https:\/\/sw-osterfeine.de\/index.php?rest_route=%2Fwp%2Fv2%2Fcategories&post=15956"},{"taxonomy":"post_tag","embeddable":true,"href":"https:\/\/sw-osterfeine.de\/index.php?rest_route=%2Fwp%2Fv2%2Ftags&post=15956"}],"curies":[{"name":"wp","href":"https:\/\/api.w.org\/{rel}","templated":true}]}}