{"id":15973,"date":"2016-03-22T09:53:57","date_gmt":"2016-03-22T08:53:57","guid":{"rendered":"http:\/\/sw-osterfeine.de\/?p=15973"},"modified":"2016-03-22T13:49:06","modified_gmt":"2016-03-22T12:49:06","slug":"handball-1-damen-knacken-harte-nuss","status":"publish","type":"post","link":"https:\/\/sw-osterfeine.de\/?p=15973","title":{"rendered":"Handball 1.Damen knacken harte Nuss"},"content":{"rendered":"<p>Eigentlich ist ja Eier Zeit aber am vergangenen Freitag mussten wir eine ganz harte Nuss knacken. Im vorgezogenen Spiel des 20.Spieltages trafen wir in der Kreisstadt Vechta auf die 2. Mannschaft vom SFN. Die beiden besten Defensiv Mannschaften der Liga schenkten sich nichts und wir sind ja auch nicht diejenigen die Geschenke annehmen. Frei nach dem Trainer Motto \u201eGlaube, Wille, Leidenschaft\u201c gingen wir in die Begegnung. Es entwickelte sich ein Spiel auf Augenh\u00f6he, Vechta f\u00fchrte st\u00e4ndig mit einem Tor und bis zur Pause (12:11) konnten wir unsere Abstimmungsprobleme in der zentralen Abwehr nicht richtig beheben. Zudem legten wir unser Angriffsspiel zu sehr in der Breite an. Es wurde zwar die richtigen Spielz\u00fcge und Hebel angesetzt, aber ohne Druck in der Bewegung waren wir (wie in den ersten Fr\u00fchlingstagen) nur ein laues L\u00fcftchen. Sofort nach der Pause erh\u00f6hte der Gastgeber auf 13:11 und bis zum 18:17 liefen wir, trotz guter M\u00f6glichkeiten im Angriff, dem R\u00fcckstand hinterher. Eine nochmalige Steigerung in der Abwehr sorgte daf\u00fcr dass wir, auch ohne Mischmaschine, richtig Beton anr\u00fchrten. Gest\u00fctzt von einer guten Franzi im Tor konnte Vechta 13 Minuten lang keinen Treffer erzielen. In dieser Phase hatten wir mehrmals die Chancen (unter anderen 2 Siebenmeter) auf eine sichere F\u00fchrung, aber auch Vechta machte einen guten Job in der Deckung mit einer guten Torfrau dahinter. Somit mussten 3 Tempogegenst\u00f6\u00dfe und die R\u00fcckraum Granaten von Lisa und Karin herhalten, um uns auf die Siegerstra\u00dfe zu bringen. Am Ende konnten wir das Spiel mit 22:19 f\u00fcr uns entscheiden, weil wir nach hinten heraus auch von unserer ausgeglichenen Bank profitierten.<!--more--><\/p>\n<p>Mit diesem Sieg gehen wir nun bis Samstag den 2.4.16 (18:30 Uhr TSV Wallenhorst) in die kleine aber feine Osterpause.<\/p>\n<p>Bis auf K\u00e4the die noch eine anstrengende Karwoche vor sich hat. Denn unsere Kreisl\u00e4uferin wurde f\u00fcr die Kreisauswahl nominiert und darf am Gr\u00fcndonnerstag ab 19 Uhr in Steinfeld gegen die Bundesliga Mannschaft vom VFL Oldenburg ihr K\u00f6nnen zeigen. Nach einem Trainer-Mannschaft Deal begleiten wir unsere Mitspielerin in die H\u00f6lle am M\u00fchlenbach und werden sie bedingungslos nach vorne peitschen.<\/p>\n<p><a href=\"https:\/\/sw-osterfeine.de\/wp-content\/uploads\/2009\/01\/K\u00e4the.jpg\" data-rel=\"lightbox-image-0\" data-rl_title=\"\" data-rl_caption=\"\" title=\"\"><img loading=\"lazy\" decoding=\"async\" class=\"alignleft size-medium wp-image-14673\" src=\"https:\/\/sw-osterfeine.de\/wp-content\/uploads\/2009\/01\/K\u00e4the-199x300.jpg\" alt=\"K\u00e4the\" width=\"199\" height=\"300\" srcset=\"https:\/\/sw-osterfeine.de\/wp-content\/uploads\/2009\/01\/K\u00e4the-199x300.jpg 199w, https:\/\/sw-osterfeine.de\/wp-content\/uploads\/2009\/01\/K\u00e4the.jpg 666w\" sizes=\"(max-width: 199px) 100vw, 199px\" \/><\/a><\/p>\n<p>&nbsp;<\/p>\n<p>&nbsp;<\/p>\n<p>&nbsp;<\/p>\n<p>&nbsp;<\/p>\n<p>&nbsp;<\/p>\n<p>&nbsp;<\/p>\n<p>&nbsp;<\/p>\n<p>&nbsp;<\/p>\n<p>&nbsp;<\/p>\n<p>&nbsp;<\/p>\n<p>&nbsp;<\/p>\n<p>&nbsp;<\/p>\n<p><strong> K\u00e4the meets Bundesliga\u00a0\u00a0\u00a0\u00a0\u00a0\u00a0\u00a0\u00a0\u00a0\u00a0\u00a0 <\/strong><\/p>\n<p>Allen Fans, Zuschauern, Familien, Verantwortlichen, Sponsoren und G\u00f6nnern des SV SW Osterfeine w\u00fcnschen wir Frohe Ostern und einpaar erholsame Feiertage!!!\u00a0\u00a0\u00a0\u00a0\u00a0\u00a0\u00a0\u00a0<\/p>\n<p><a href=\"https:\/\/sw-osterfeine.de\/wp-content\/uploads\/2016\/03\/Osterhase.jpg\" data-rel=\"lightbox-image-1\" data-rl_title=\"\" data-rl_caption=\"\" title=\"\"><img loading=\"lazy\" decoding=\"async\" class=\"alignleft size-medium wp-image-15986\" src=\"https:\/\/sw-osterfeine.de\/wp-content\/uploads\/2016\/03\/Osterhase-300x199.jpg\" alt=\"Osterhase\" width=\"300\" height=\"199\" srcset=\"https:\/\/sw-osterfeine.de\/wp-content\/uploads\/2016\/03\/Osterhase-300x199.jpg 300w, https:\/\/sw-osterfeine.de\/wp-content\/uploads\/2016\/03\/Osterhase.jpg 960w\" sizes=\"(max-width: 300px) 100vw, 300px\" \/><\/a><\/p>\n<p class=\"NoSpacing\"><span style=\"font-size: 14.0pt; font-family: Arial;\">Eure 1.Damen<\/span><\/p>\n<p class=\"NoSpacing\"><span style=\"font-size: 14.0pt; font-family: Arial;\">\u00a0<\/span><\/p>\n<p class=\"NoSpacing\">\u00a0<\/p>\n<p>&nbsp;<\/p>\n<p>&nbsp;<\/p>\n<p>&nbsp;<\/p>\n<p>&nbsp;<\/p>\n<p class=\"NoSpacing\"><span style=\"font-size: 14.0pt; font-family: Arial;\">\u00a0\u00a0\u00a0\u00a0\u00a0\u00a0\u00a0\u00a0\u00a0\u00a0\u00a0\u00a0\u00a0\u00a0\u00a0\u00a0\u00a0\u00a0\u00a0\u00a0\u00a0\u00a0\u00a0\u00a0\u00a0\u00a0\u00a0\u00a0\u00a0\u00a0\u00a0\u00a0\u00a0\u00a0\u00a0\u00a0\u00a0\u00a0\u00a0\u00a0\u00a0\u00a0\u00a0\u00a0\u00a0\u00a0\u00a0\u00a0\u00a0\u00a0\u00a0\u00a0\u00a0\u00a0\u00a0\u00a0\u00a0\u00a0\u00a0\u00a0\u00a0\u00a0\u00a0\u00a0\u00a0\u00a0\u00a0\u00a0\u00a0\u00a0\u00a0 <br \/>\n <\/span><\/p>\n<p class=\"NoSpacing\"><span style=\"font-size: 14.0pt; font-family: Arial;\">\u00a0<\/span><\/p>\n<p>&nbsp;<\/p>\n<p><strong>\u00a0\u00a0<\/strong><strong>\u00a0\u00a0\u00a0\u00a0\u00a0 \u00a0<\/strong><strong> \u00a0\u00a0\u00a0<\/strong><\/p>\n<p>&nbsp;<\/p>\n<p><strong>\u00a0\u00a0\u00a0\u00a0\u00a0 \u00a0\u00a0\u00a0\u00a0\u00a0\u00a0\u00a0\u00a0\u00a0\u00a0\u00a0\u00a0\u00a0\u00a0 <br \/>\n <\/strong><\/p>\n<p>&nbsp;<\/p>\n<p>&nbsp;<\/p>\n<p>&nbsp;<\/p>\n<p>&nbsp;<\/p>\n<p>&nbsp;<\/p>\n<p>&nbsp;<\/p>\n<p>&nbsp;<\/p>\n<p>&nbsp;<\/p>\n<p>&nbsp;<\/p>\n<p style=\"text-align: left;\">\u00a0<\/p>\n<p>&nbsp;<\/p>\n","protected":false},"excerpt":{"rendered":"<p>Eigentlich ist ja Eier Zeit aber am vergangenen Freitag mussten wir eine ganz harte Nuss knacken. Im vorgezogenen Spiel des 20.Spieltages trafen wir in der Kreisstadt Vechta auf die 2. Mannschaft vom SFN. Die beiden besten Defensiv Mannschaften der Liga schenkten sich nichts und wir sind ja auch nicht diejenigen die Geschenke annehmen. Frei nach [&hellip;]<\/p>\n","protected":false},"author":3,"featured_media":0,"comment_status":"closed","ping_status":"closed","sticky":false,"template":"","format":"standard","meta":{"footnotes":""},"categories":[1],"tags":[],"_links":{"self":[{"href":"https:\/\/sw-osterfeine.de\/index.php?rest_route=\/wp\/v2\/posts\/15973"}],"collection":[{"href":"https:\/\/sw-osterfeine.de\/index.php?rest_route=\/wp\/v2\/posts"}],"about":[{"href":"https:\/\/sw-osterfeine.de\/index.php?rest_route=\/wp\/v2\/types\/post"}],"author":[{"embeddable":true,"href":"https:\/\/sw-osterfeine.de\/index.php?rest_route=\/wp\/v2\/users\/3"}],"replies":[{"embeddable":true,"href":"https:\/\/sw-osterfeine.de\/index.php?rest_route=%2Fwp%2Fv2%2Fcomments&post=15973"}],"version-history":[{"count":10,"href":"https:\/\/sw-osterfeine.de\/index.php?rest_route=\/wp\/v2\/posts\/15973\/revisions"}],"predecessor-version":[{"id":15987,"href":"https:\/\/sw-osterfeine.de\/index.php?rest_route=\/wp\/v2\/posts\/15973\/revisions\/15987"}],"wp:attachment":[{"href":"https:\/\/sw-osterfeine.de\/index.php?rest_route=%2Fwp%2Fv2%2Fmedia&parent=15973"}],"wp:term":[{"taxonomy":"category","embeddable":true,"href":"https:\/\/sw-osterfeine.de\/index.php?rest_route=%2Fwp%2Fv2%2Fcategories&post=15973"},{"taxonomy":"post_tag","embeddable":true,"href":"https:\/\/sw-osterfeine.de\/index.php?rest_route=%2Fwp%2Fv2%2Ftags&post=15973"}],"curies":[{"name":"wp","href":"https:\/\/api.w.org\/{rel}","templated":true}]}}