{"id":15988,"date":"2016-03-23T09:19:30","date_gmt":"2016-03-23T08:19:30","guid":{"rendered":"http:\/\/sw-osterfeine.de\/?p=15988"},"modified":"2016-03-23T09:20:16","modified_gmt":"2016-03-23T08:20:16","slug":"skifreizeit-4-tag-in-oetz","status":"publish","type":"post","link":"https:\/\/sw-osterfeine.de\/?p=15988","title":{"rendered":"Skifreizeit Tag 4 in Oetz"},"content":{"rendered":"<p>Nach einen guten Fr\u00fchst\u00fcck ging es zum vierten Skitag hinauf nach Hochoetz. Das Wetter war heute etwas k\u00fchler und am Anfang noch leicht nebelig. Sp\u00e4ter hat sich jedoch wieder strahlender Sonnenschein durchgesetzt.\u00a0 Nachdem alle wieder in den Skikursen eingeteilt waren und hier immer besser werden, macht sich ein Trupp von fortgeschrittenen Skifahrern auf zu einer Skisafari nach K\u00fchtai. K\u00fchtai geh\u00f6rt zur Skiregion Hochh\u00f6tz und der Ort liegt bereits auf 2020 Meter und es geht hinauf bis auf 2500 Meter. Somit ist f\u00fcr alle Leistungsklassen was geboten \u2013 von sportlich schnell bis gem\u00fctlich entspannt.\u00a0<\/p>\n<p>Das Hotel J\u00e4gerhof wurde inzwischen komplett von SW Osterfeine \u00fcbernommen und es h\u00e4ngt im Eingangsbereich klar und deutlich das Banner vom OSV. Hier liegt auch wohl der Grund, dass die M\u00fchlener sich nicht mehr zu unseren Hotel getraut haben. Der Abend klingt wie immer in einer gem\u00fctlichen Runde und wir freuen uns auf einen tollen neuen Skitag!<\/p>\n<p>Viele Gr\u00fc\u00dfe aus dem \u00d6tztal<\/p>\n<p>Stephan B\u00f6ckerstette<\/p>\n\n\t\t<style type=\"text\/css\">\n\t\t\t#gallery-1 {\n\t\t\t\tmargin: auto;\n\t\t\t}\n\t\t\t#gallery-1 .gallery-item {\n\t\t\t\tfloat: left;\n\t\t\t\tmargin-top: 10px;\n\t\t\t\ttext-align: center;\n\t\t\t\twidth: 33%;\n\t\t\t}\n\t\t\t#gallery-1 img {\n\t\t\t\tborder: 2px solid #cfcfcf;\n\t\t\t}\n\t\t\t#gallery-1 .gallery-caption {\n\t\t\t\tmargin-left: 0;\n\t\t\t}\n\t\t\t\/* see gallery_shortcode() in wp-includes\/media.php *\/\n\t\t<\/style>\n\t\t<div id='gallery-1' class='gallery galleryid-15988 gallery-columns-3 gallery-size-thumbnail'><dl class='gallery-item'>\n\t\t\t<dt class='gallery-icon landscape'>\n\t\t\t\t<a href='https:\/\/sw-osterfeine.de\/wp-content\/uploads\/2016\/03\/IMG_4196.jpg' title=\"\" data-rl_title=\"\" class=\"rl-gallery-link\" data-rl_caption=\"\" data-rel=\"lightbox-gallery-1\"><img loading=\"lazy\" decoding=\"async\" width=\"150\" height=\"150\" src=\"https:\/\/sw-osterfeine.de\/wp-content\/uploads\/2016\/03\/IMG_4196-150x150.jpg\" class=\"attachment-thumbnail size-thumbnail\" alt=\"\" \/><\/a>\n\t\t\t<\/dt><\/dl><dl class='gallery-item'>\n\t\t\t<dt class='gallery-icon portrait'>\n\t\t\t\t<a href='https:\/\/sw-osterfeine.de\/wp-content\/uploads\/2016\/03\/P1010336.jpg' title=\"\" data-rl_title=\"\" class=\"rl-gallery-link\" data-rl_caption=\"\" data-rel=\"lightbox-gallery-1\"><img loading=\"lazy\" decoding=\"async\" width=\"150\" height=\"150\" src=\"https:\/\/sw-osterfeine.de\/wp-content\/uploads\/2016\/03\/P1010336-150x150.jpg\" class=\"attachment-thumbnail size-thumbnail\" alt=\"\" \/><\/a>\n\t\t\t<\/dt><\/dl>\n\t\t\t<br style='clear: both' \/>\n\t\t<\/div>\n\n","protected":false},"excerpt":{"rendered":"<p>Nach einen guten Fr\u00fchst\u00fcck ging es zum vierten Skitag hinauf nach Hochoetz. Das Wetter war heute etwas k\u00fchler und am Anfang noch leicht nebelig. Sp\u00e4ter hat sich jedoch wieder strahlender Sonnenschein durchgesetzt.\u00a0 Nachdem alle wieder in den Skikursen eingeteilt waren und hier immer besser werden, macht sich ein Trupp von fortgeschrittenen Skifahrern auf zu einer [&hellip;]<\/p>\n","protected":false},"author":3,"featured_media":0,"comment_status":"closed","ping_status":"closed","sticky":false,"template":"","format":"standard","meta":{"footnotes":""},"categories":[37],"tags":[],"_links":{"self":[{"href":"https:\/\/sw-osterfeine.de\/index.php?rest_route=\/wp\/v2\/posts\/15988"}],"collection":[{"href":"https:\/\/sw-osterfeine.de\/index.php?rest_route=\/wp\/v2\/posts"}],"about":[{"href":"https:\/\/sw-osterfeine.de\/index.php?rest_route=\/wp\/v2\/types\/post"}],"author":[{"embeddable":true,"href":"https:\/\/sw-osterfeine.de\/index.php?rest_route=\/wp\/v2\/users\/3"}],"replies":[{"embeddable":true,"href":"https:\/\/sw-osterfeine.de\/index.php?rest_route=%2Fwp%2Fv2%2Fcomments&post=15988"}],"version-history":[{"count":2,"href":"https:\/\/sw-osterfeine.de\/index.php?rest_route=\/wp\/v2\/posts\/15988\/revisions"}],"predecessor-version":[{"id":15992,"href":"https:\/\/sw-osterfeine.de\/index.php?rest_route=\/wp\/v2\/posts\/15988\/revisions\/15992"}],"wp:attachment":[{"href":"https:\/\/sw-osterfeine.de\/index.php?rest_route=%2Fwp%2Fv2%2Fmedia&parent=15988"}],"wp:term":[{"taxonomy":"category","embeddable":true,"href":"https:\/\/sw-osterfeine.de\/index.php?rest_route=%2Fwp%2Fv2%2Fcategories&post=15988"},{"taxonomy":"post_tag","embeddable":true,"href":"https:\/\/sw-osterfeine.de\/index.php?rest_route=%2Fwp%2Fv2%2Ftags&post=15988"}],"curies":[{"name":"wp","href":"https:\/\/api.w.org\/{rel}","templated":true}]}}