{"id":15994,"date":"2016-03-24T17:43:00","date_gmt":"2016-03-24T16:43:00","guid":{"rendered":"http:\/\/sw-osterfeine.de\/?p=15994"},"modified":"2016-03-24T18:02:50","modified_gmt":"2016-03-24T17:02:50","slug":"der-fuenfte-tag-in-oetz","status":"publish","type":"post","link":"https:\/\/sw-osterfeine.de\/?p=15994","title":{"rendered":"Skifreizeit Tag 5 in Oetz"},"content":{"rendered":"<p>Heute sind wir nach dem Fr\u00fchst\u00fcck wieder zum Skifahren in die Berge gestartet. Das ist, seitdem wir hier sind, das erste Mal bei \u201eden Umst\u00e4nden entsprechendem&#8220; Wetter \u2013 es schneit. Das mindert zwar die Sichtverh\u00e4ltnisse deutlich, lies uns aber nicht davon abhalten, weiter unsere Bahnen zu ziehen.<\/p>\n<p>Ein Gro\u00dfteil der Gruppe hatte gestern ihren Unterricht in der Skischule beendet und fuhr heute so unter Anleitung alter erfahrener Hasen immer wieder die Pisten auf und nieder. Das f\u00fcr gestern angesetzte Freundschaftsspiel (Apr\u00e9s Ski ) zwischen Osterfeine und M\u00fchlen wurde mit 5:0 Toren f\u00fcr Osterfeine gewertet, da M\u00fchlen nicht angetreten ist.<\/p>\n<p>Wir sind momentan in Verhandlung \u00fcber einen Ersatztermin; wir werden weiterhin dar\u00fcber informieren, ob es was geworden ist.<!--more--><\/p>\n<p>\u00a0Zum Ausklang des Skitages wurde auf der Bielefelder H\u00fctte mit Kind und Kegel Apr\u00e9s Ski gefeiert. F\u00fcr einige war es jedoch auch bereits das Einl\u00e4uten der gro\u00dfen \u201eMondzaubernacht\u201c inklusive Sektempfang auf dem Berg anl\u00e4sslich Ulrikes Geburtstag. \u00dcber den Morgen danach werden wir berichten\u2026<\/p>\n<p>Gru\u00df an die Heimat<\/p>\n<p>\u00a0 <a href=\"https:\/\/sw-osterfeine.de\/wp-content\/uploads\/2016\/03\/20160323_135512.jpg\" data-rel=\"lightbox-image-0\" data-rl_title=\"\" data-rl_caption=\"\" title=\"\"><img loading=\"lazy\" decoding=\"async\" class=\"alignleft size-medium wp-image-15995\" src=\"https:\/\/sw-osterfeine.de\/wp-content\/uploads\/2016\/03\/20160323_135512-300x168.jpg\" alt=\"20160323_135512\" width=\"300\" height=\"168\" srcset=\"https:\/\/sw-osterfeine.de\/wp-content\/uploads\/2016\/03\/20160323_135512-300x168.jpg 300w, https:\/\/sw-osterfeine.de\/wp-content\/uploads\/2016\/03\/20160323_135512.jpg 1000w\" sizes=\"(max-width: 300px) 100vw, 300px\" \/><\/a><a href=\"https:\/\/sw-osterfeine.de\/wp-content\/uploads\/2016\/03\/20160323_151407.jpg\" data-rel=\"lightbox-image-1\" data-rl_title=\"\" data-rl_caption=\"\" title=\"\"><img loading=\"lazy\" decoding=\"async\" class=\"alignleft size-medium wp-image-15996\" src=\"https:\/\/sw-osterfeine.de\/wp-content\/uploads\/2016\/03\/20160323_151407-300x168.jpg\" alt=\"20160323_151407\" width=\"300\" height=\"168\" srcset=\"https:\/\/sw-osterfeine.de\/wp-content\/uploads\/2016\/03\/20160323_151407-300x168.jpg 300w, https:\/\/sw-osterfeine.de\/wp-content\/uploads\/2016\/03\/20160323_151407.jpg 1000w\" sizes=\"(max-width: 300px) 100vw, 300px\" \/><\/a><a href=\"https:\/\/sw-osterfeine.de\/wp-content\/uploads\/2016\/03\/20160323_151646.jpg\" data-rel=\"lightbox-image-2\" data-rl_title=\"\" data-rl_caption=\"\" title=\"\"><img loading=\"lazy\" decoding=\"async\" class=\"alignleft size-medium wp-image-15997\" src=\"https:\/\/sw-osterfeine.de\/wp-content\/uploads\/2016\/03\/20160323_151646-300x168.jpg\" alt=\"20160323_151646\" width=\"300\" height=\"168\" srcset=\"https:\/\/sw-osterfeine.de\/wp-content\/uploads\/2016\/03\/20160323_151646-300x168.jpg 300w, https:\/\/sw-osterfeine.de\/wp-content\/uploads\/2016\/03\/20160323_151646.jpg 1000w\" sizes=\"(max-width: 300px) 100vw, 300px\" \/><\/a><a href=\"https:\/\/sw-osterfeine.de\/wp-content\/uploads\/2016\/03\/20160323_153148.jpg\" data-rel=\"lightbox-image-3\" data-rl_title=\"\" data-rl_caption=\"\" title=\"\"><img loading=\"lazy\" decoding=\"async\" class=\"alignleft size-medium wp-image-15998\" src=\"https:\/\/sw-osterfeine.de\/wp-content\/uploads\/2016\/03\/20160323_153148-168x300.jpg\" alt=\"20160323_153148\" width=\"168\" height=\"300\" \/><\/a><\/p>\n","protected":false},"excerpt":{"rendered":"<p>Heute sind wir nach dem Fr\u00fchst\u00fcck wieder zum Skifahren in die Berge gestartet. Das ist, seitdem wir hier sind, das erste Mal bei \u201eden Umst\u00e4nden entsprechendem&#8220; Wetter \u2013 es schneit. Das mindert zwar die Sichtverh\u00e4ltnisse deutlich, lies uns aber nicht davon abhalten, weiter unsere Bahnen zu ziehen. Ein Gro\u00dfteil der Gruppe hatte gestern ihren Unterricht [&hellip;]<\/p>\n","protected":false},"author":3,"featured_media":0,"comment_status":"closed","ping_status":"closed","sticky":false,"template":"","format":"standard","meta":{"footnotes":""},"categories":[37],"tags":[],"_links":{"self":[{"href":"https:\/\/sw-osterfeine.de\/index.php?rest_route=\/wp\/v2\/posts\/15994"}],"collection":[{"href":"https:\/\/sw-osterfeine.de\/index.php?rest_route=\/wp\/v2\/posts"}],"about":[{"href":"https:\/\/sw-osterfeine.de\/index.php?rest_route=\/wp\/v2\/types\/post"}],"author":[{"embeddable":true,"href":"https:\/\/sw-osterfeine.de\/index.php?rest_route=\/wp\/v2\/users\/3"}],"replies":[{"embeddable":true,"href":"https:\/\/sw-osterfeine.de\/index.php?rest_route=%2Fwp%2Fv2%2Fcomments&post=15994"}],"version-history":[{"count":5,"href":"https:\/\/sw-osterfeine.de\/index.php?rest_route=\/wp\/v2\/posts\/15994\/revisions"}],"predecessor-version":[{"id":16003,"href":"https:\/\/sw-osterfeine.de\/index.php?rest_route=\/wp\/v2\/posts\/15994\/revisions\/16003"}],"wp:attachment":[{"href":"https:\/\/sw-osterfeine.de\/index.php?rest_route=%2Fwp%2Fv2%2Fmedia&parent=15994"}],"wp:term":[{"taxonomy":"category","embeddable":true,"href":"https:\/\/sw-osterfeine.de\/index.php?rest_route=%2Fwp%2Fv2%2Fcategories&post=15994"},{"taxonomy":"post_tag","embeddable":true,"href":"https:\/\/sw-osterfeine.de\/index.php?rest_route=%2Fwp%2Fv2%2Ftags&post=15994"}],"curies":[{"name":"wp","href":"https:\/\/api.w.org\/{rel}","templated":true}]}}