{"id":16004,"date":"2016-03-29T08:42:59","date_gmt":"2016-03-29T06:42:59","guid":{"rendered":"http:\/\/sw-osterfeine.de\/?p=16004"},"modified":"2016-03-29T08:42:59","modified_gmt":"2016-03-29T06:42:59","slug":"dritte-holt-3-punkte-aus-2-auswaertsspielen","status":"publish","type":"post","link":"https:\/\/sw-osterfeine.de\/?p=16004","title":{"rendered":"Dritte holt 3 Punkte aus 2 Ausw\u00e4rtsspielen!!"},"content":{"rendered":"<p>3 Punkte sind die Ausbeute unserer Dritten aus den beiden ersten spielen der R\u00fcckrunde.<\/p>\n<p>Der Auftakt fand bei GW M\u00fchlen III statt und endete mit einem am Ende verdienten 2:1 Sieg. Matchwinner war dabei Florian Niehues, der mit einem Elfmeter- und einem Kopfballtor zweimal f\u00fcr unsere Mannschaft erfolgreich war. Durch das Auslassen einiger klarer Torchancen musste unsere Mannschaft am Ende noch zittern, doch die sichere Abwehr lie\u00df keine gro\u00dfen Chancen der vor uns platzierten M\u00fchlener mehr zu. Der ganzen Mannschaft gilt ein gro\u00dfes Lob f\u00fcr ihren Kampfgeist, war dieser doch besonders gefragt, da der durch die Schlechtwetterphase noch geschw\u00e4chte Rasen nicht immer ein gutes Passspiel f\u00fcr beide Teams zulie\u00df.<\/p>\n<p>Im zweiten Ausw\u00e4rtsspiel hintereinander ging es am Ostersamstag zum Tabellenf\u00fchrer nach Einen\/Colnrade. Trotz einer engagierten Leistung musste sich unsere Dritte am Ende mit 1:0 geschlagen geben. Bis zur 80. Minute hielt unsere Abwehr um die wiederum herausragenden Innenverteidiger Bernd Rusche und Peter R\u00f6mer den permanenten Angriffen der Gastgeber statt. Mit dem 1.0 R\u00fcckstand im Nacken riskierte unsere Dritte nochmal Alles, kassierte eine Elfmeter \u2013 den Gastspieler Simon Breitenstein klasse parierte -, und kam noch mehrmals gef\u00e4hrlich vor das Gastgeber, doch es reichte nicht mehr zum Ausgleich. Unterm Strich\u00a0 hatten sich die Gastgeber den Sieg in den 90 Minuten verdient, obwohl unser Team eine ordentliche Leistung absolvierte.<\/p>\n<p>Spannend war f\u00fcr unsere Mannschaft sicherlich die Halbzeitpause, musste sie sich doch die Umkleidekabine in Einen mit der Damenfu\u00dfballmannschaft von BW Galgenmoor teilen, blieb jedoch ausschlie\u00dflich auf den Fu\u00dfball fokussiert.<\/p>\n<p>Unsere Dritte trainiert jeden Donnerstag um 19.00 Uhr in Osterfeine und freut sich \u00fcber jeden interessierten Fu\u00dfballer.<\/p>\n<p>&nbsp;<\/p>\n<p>Die Dritte<\/p>\n","protected":false},"excerpt":{"rendered":"<p>3 Punkte sind die Ausbeute unserer Dritten aus den beiden ersten spielen der R\u00fcckrunde. Der Auftakt fand bei GW M\u00fchlen III statt und endete mit einem am Ende verdienten 2:1 Sieg. Matchwinner war dabei Florian Niehues, der mit einem Elfmeter- und einem Kopfballtor zweimal f\u00fcr unsere Mannschaft erfolgreich war. Durch das Auslassen einiger klarer Torchancen [&hellip;]<\/p>\n","protected":false},"author":3,"featured_media":0,"comment_status":"closed","ping_status":"closed","sticky":false,"template":"","format":"standard","meta":{"footnotes":""},"categories":[3],"tags":[],"_links":{"self":[{"href":"https:\/\/sw-osterfeine.de\/index.php?rest_route=\/wp\/v2\/posts\/16004"}],"collection":[{"href":"https:\/\/sw-osterfeine.de\/index.php?rest_route=\/wp\/v2\/posts"}],"about":[{"href":"https:\/\/sw-osterfeine.de\/index.php?rest_route=\/wp\/v2\/types\/post"}],"author":[{"embeddable":true,"href":"https:\/\/sw-osterfeine.de\/index.php?rest_route=\/wp\/v2\/users\/3"}],"replies":[{"embeddable":true,"href":"https:\/\/sw-osterfeine.de\/index.php?rest_route=%2Fwp%2Fv2%2Fcomments&post=16004"}],"version-history":[{"count":1,"href":"https:\/\/sw-osterfeine.de\/index.php?rest_route=\/wp\/v2\/posts\/16004\/revisions"}],"predecessor-version":[{"id":16005,"href":"https:\/\/sw-osterfeine.de\/index.php?rest_route=\/wp\/v2\/posts\/16004\/revisions\/16005"}],"wp:attachment":[{"href":"https:\/\/sw-osterfeine.de\/index.php?rest_route=%2Fwp%2Fv2%2Fmedia&parent=16004"}],"wp:term":[{"taxonomy":"category","embeddable":true,"href":"https:\/\/sw-osterfeine.de\/index.php?rest_route=%2Fwp%2Fv2%2Fcategories&post=16004"},{"taxonomy":"post_tag","embeddable":true,"href":"https:\/\/sw-osterfeine.de\/index.php?rest_route=%2Fwp%2Fv2%2Ftags&post=16004"}],"curies":[{"name":"wp","href":"https:\/\/api.w.org\/{rel}","templated":true}]}}