{"id":16006,"date":"2016-03-29T08:44:33","date_gmt":"2016-03-29T06:44:33","guid":{"rendered":"http:\/\/sw-osterfeine.de\/?p=16006"},"modified":"2016-03-29T08:44:33","modified_gmt":"2016-03-29T06:44:33","slug":"dritte-vom-verletzungspech-verfolgt","status":"publish","type":"post","link":"https:\/\/sw-osterfeine.de\/?p=16006","title":{"rendered":"Dritte vom Verletzungspech verfolgt!!!"},"content":{"rendered":"<p>Ein unfassbares Verletzungspech entwickelt derzeit unsere dritte Herrenmannschaft. In den letzten beiden Spielen mussten 7 Spieler wegen mehr oder weniger schweren Verletzungen passen oder das Spielfeld verlassen.<\/p>\n<p>Michael Riesenbeck hatte sich schon vor dem M\u00fchlenspiel eine schwere B\u00e4nderdehnung geholt, doch keiner hatte gedacht, dass dies nur der Anfand einer Serie sein sollte. In M\u00fchlen knickte Thomas Witte nachdem er den Torwart schon ausgespielt hatte freistehend vor dem Tor um, verpasste ein klares Tor und musste mit einer B\u00e4nderverletzung umgehend ausgewechselt werden und f\u00e4llt bis auf weiteres aus. Ebenso eine Sprunggelenksverletzung zog sich unser Stammtorwart Pocs Andreas Lange in M\u00fchlen zu, biss im Spiel noch auf die Z\u00e4hne und f\u00e4llt nun auch erstmal aus. Bereits am Tag vorher hatte sich unser schneller Au\u00dfenspieler Max Kampsen schwer verletzt und f\u00e4llt bis zum Saisonende aus.<!--more--><\/p>\n<p>Das Spiel in Einen sollte jedoch noch die Kr\u00f6nung werden. Nach bereits 4 schwereren Verletzungen w\u00e4hrend der Serie verletzte sich Steffen Ripke im ersten Durchgang und zog sich einen B\u00e4nderriss zu. F\u00fcr den verst\u00e4ndlicherweise niedergeschlagenen Steffen wurde Julian Heye eingewechselt, der sich direkt von der R\u00fcckkehr aus Frankreich noch auf den Weg nach Einen gemacht hatte, doch auch ihm brachte dieser Trip kein Gl\u00fcck. Eingewechselt f\u00fcr Steffen, sorgte er mit einer guten Leistung f\u00fcr Ordnung in der Mittelfeldzentrale, aber auch bei Julian war Mitte der 2.Halbzeit Schluss. Bei einem Zweikampf zog sich auch Julian eine schwere B\u00e4nderverletzung zu und sein Fu\u00df war bereits Stunden danach von einer Schiene gest\u00fctzt.<\/p>\n<p>Gerade war Julians Fu\u00df ersthilflich versorgt, musste Bernd Grambke mit einer Fu\u00dfverletzung ausgewechselt werden. Auch bei Bernd lautet die Diagnose: B\u00e4nderverletzung im Sprunggelenk. Unfassbar. Eingewechselt werden sollte Jan-Bernd Pohlschneider, doch das ging auch nicht: Jan-Bernd war beim Warmmachen umgeknickt. Also kam Michael Riesenbeck rein, der mit getapten Fu\u00df sein Gl\u00fcck versuchte: Laufen ging, nur Schie\u00dfen mit dem linken Fu\u00df war nicht m\u00f6glich, aber Ratze k\u00e4mpfte sich durch<\/p>\n<p>Verst\u00e4ndlicherweise r\u00fcckte so auch der Schmerz \u00fcber die Niederlage in den Hintergrund und alle Sportler hatten Mitleid mit den verletzten Mitspielern. Besonders die erneute Verletzung von Steffen Ripke war f\u00fcr Alle nur schwer zu verstehen. Mannschaft und Vorstand w\u00fcnschen allen Pechv\u00f6geln eine gute Besserung und ein vollst\u00e4ndiges Auskurieren dieser Sportverletzungen.<\/p>\n","protected":false},"excerpt":{"rendered":"<p>Ein unfassbares Verletzungspech entwickelt derzeit unsere dritte Herrenmannschaft. In den letzten beiden Spielen mussten 7 Spieler wegen mehr oder weniger schweren Verletzungen passen oder das Spielfeld verlassen. Michael Riesenbeck hatte sich schon vor dem M\u00fchlenspiel eine schwere B\u00e4nderdehnung geholt, doch keiner hatte gedacht, dass dies nur der Anfand einer Serie sein sollte. In M\u00fchlen knickte [&hellip;]<\/p>\n","protected":false},"author":3,"featured_media":0,"comment_status":"closed","ping_status":"closed","sticky":false,"template":"","format":"standard","meta":{"footnotes":""},"categories":[3],"tags":[],"_links":{"self":[{"href":"https:\/\/sw-osterfeine.de\/index.php?rest_route=\/wp\/v2\/posts\/16006"}],"collection":[{"href":"https:\/\/sw-osterfeine.de\/index.php?rest_route=\/wp\/v2\/posts"}],"about":[{"href":"https:\/\/sw-osterfeine.de\/index.php?rest_route=\/wp\/v2\/types\/post"}],"author":[{"embeddable":true,"href":"https:\/\/sw-osterfeine.de\/index.php?rest_route=\/wp\/v2\/users\/3"}],"replies":[{"embeddable":true,"href":"https:\/\/sw-osterfeine.de\/index.php?rest_route=%2Fwp%2Fv2%2Fcomments&post=16006"}],"version-history":[{"count":2,"href":"https:\/\/sw-osterfeine.de\/index.php?rest_route=\/wp\/v2\/posts\/16006\/revisions"}],"predecessor-version":[{"id":16008,"href":"https:\/\/sw-osterfeine.de\/index.php?rest_route=\/wp\/v2\/posts\/16006\/revisions\/16008"}],"wp:attachment":[{"href":"https:\/\/sw-osterfeine.de\/index.php?rest_route=%2Fwp%2Fv2%2Fmedia&parent=16006"}],"wp:term":[{"taxonomy":"category","embeddable":true,"href":"https:\/\/sw-osterfeine.de\/index.php?rest_route=%2Fwp%2Fv2%2Fcategories&post=16006"},{"taxonomy":"post_tag","embeddable":true,"href":"https:\/\/sw-osterfeine.de\/index.php?rest_route=%2Fwp%2Fv2%2Ftags&post=16006"}],"curies":[{"name":"wp","href":"https:\/\/api.w.org\/{rel}","templated":true}]}}