{"id":16233,"date":"2016-04-01T10:25:03","date_gmt":"2016-04-01T08:25:03","guid":{"rendered":"http:\/\/sw-osterfeine.de\/?p=16233"},"modified":"2016-04-01T10:25:04","modified_gmt":"2016-04-01T08:25:04","slug":"spielankuendigung-1-damen","status":"publish","type":"post","link":"https:\/\/sw-osterfeine.de\/?p=16233","title":{"rendered":"Spielank\u00fcndigung 1. Damen"},"content":{"rendered":"<p><strong>WESER \u2013 EMS \u2013 LIGA\u00a0 S\u00dcD<\/strong><\/p>\n<p><strong>Samstag, 02.04.2016\u00a0\u00a0\u00a0 18:30 Uhr\u00a0\u00a0 TSV Wallenhorst<\/strong><\/p>\n<p>&nbsp;<\/p>\n<p>Am n\u00e4chsten Samstag, den 02.04.2016 um 18:30 Uhr bestreiten wir unser n\u00e4chstes Heimspiel gegen den TSV Wallenhorst.<\/p>\n<p>Der TSV Wallenhorst steht derzeit auf den dritten Platz der Weser-Ems-Liga und wird demensprechend ein harter Gegner werden.<\/p>\n<p>Jedoch werden wir hochkonzentriert in das Spiel gehen, denn uns fehlt nur noch ein Punkt, um rechnerisch nicht mehr auf dem dritten Platz abrutschen zu k\u00f6nnen. Somit h\u00e4tten wir unser Minimalziel \u201eAufstiegsspiele\u201c erreicht.<\/p>\n<p>Um diese H\u00fcrde erfolgreich zu meistern, hoffen wir auf gro\u00dfe Unterst\u00fctzung unserer Fans.<\/p>\n<p>Eure 1. Damen<\/p>\n<p><a href=\"https:\/\/sw-osterfeine.de\/wp-content\/uploads\/2016\/03\/clip_image002.jpg\" data-rel=\"lightbox-image-0\" data-rl_title=\"\" data-rl_caption=\"\" title=\"\"><img loading=\"lazy\" decoding=\"async\" class=\"alignleft size-medium wp-image-16234\" src=\"https:\/\/sw-osterfeine.de\/wp-content\/uploads\/2016\/03\/clip_image002-200x300.jpg\" alt=\"clip_image002\" width=\"200\" height=\"300\" srcset=\"https:\/\/sw-osterfeine.de\/wp-content\/uploads\/2016\/03\/clip_image002-200x300.jpg 200w, https:\/\/sw-osterfeine.de\/wp-content\/uploads\/2016\/03\/clip_image002.jpg 550w\" sizes=\"(max-width: 200px) 100vw, 200px\" \/><\/a><\/p>\n","protected":false},"excerpt":{"rendered":"<p>WESER \u2013 EMS \u2013 LIGA\u00a0 S\u00dcD Samstag, 02.04.2016\u00a0\u00a0\u00a0 18:30 Uhr\u00a0\u00a0 TSV Wallenhorst &nbsp; Am n\u00e4chsten Samstag, den 02.04.2016 um 18:30 Uhr bestreiten wir unser n\u00e4chstes Heimspiel gegen den TSV Wallenhorst. Der TSV Wallenhorst steht derzeit auf den dritten Platz der Weser-Ems-Liga und wird demensprechend ein harter Gegner werden. Jedoch werden wir hochkonzentriert in das Spiel [&hellip;]<\/p>\n","protected":false},"author":3,"featured_media":0,"comment_status":"closed","ping_status":"closed","sticky":false,"template":"","format":"standard","meta":{"footnotes":""},"categories":[1],"tags":[],"_links":{"self":[{"href":"https:\/\/sw-osterfeine.de\/index.php?rest_route=\/wp\/v2\/posts\/16233"}],"collection":[{"href":"https:\/\/sw-osterfeine.de\/index.php?rest_route=\/wp\/v2\/posts"}],"about":[{"href":"https:\/\/sw-osterfeine.de\/index.php?rest_route=\/wp\/v2\/types\/post"}],"author":[{"embeddable":true,"href":"https:\/\/sw-osterfeine.de\/index.php?rest_route=\/wp\/v2\/users\/3"}],"replies":[{"embeddable":true,"href":"https:\/\/sw-osterfeine.de\/index.php?rest_route=%2Fwp%2Fv2%2Fcomments&post=16233"}],"version-history":[{"count":1,"href":"https:\/\/sw-osterfeine.de\/index.php?rest_route=\/wp\/v2\/posts\/16233\/revisions"}],"predecessor-version":[{"id":16235,"href":"https:\/\/sw-osterfeine.de\/index.php?rest_route=\/wp\/v2\/posts\/16233\/revisions\/16235"}],"wp:attachment":[{"href":"https:\/\/sw-osterfeine.de\/index.php?rest_route=%2Fwp%2Fv2%2Fmedia&parent=16233"}],"wp:term":[{"taxonomy":"category","embeddable":true,"href":"https:\/\/sw-osterfeine.de\/index.php?rest_route=%2Fwp%2Fv2%2Fcategories&post=16233"},{"taxonomy":"post_tag","embeddable":true,"href":"https:\/\/sw-osterfeine.de\/index.php?rest_route=%2Fwp%2Fv2%2Ftags&post=16233"}],"curies":[{"name":"wp","href":"https:\/\/api.w.org\/{rel}","templated":true}]}}