{"id":16265,"date":"2016-04-08T08:09:24","date_gmt":"2016-04-08T06:09:24","guid":{"rendered":"http:\/\/sw-osterfeine.de\/?p=16265"},"modified":"2016-04-08T10:59:36","modified_gmt":"2016-04-08T08:59:36","slug":"damenhandball-regionsoberliga-2","status":"publish","type":"post","link":"https:\/\/sw-osterfeine.de\/?p=16265","title":{"rendered":"Damenhandball- Regionsoberliga"},"content":{"rendered":"<p>&#8222;Puh, das war knapp!&#8220;<\/p>\n<p>Beim SWO II-Trainer\u00a0Knochenwefel kr\u00e4uselten sich die Nackenhaare im Nachholspiel am Freitagabend (01.04.2016) beim TV Cloppenburg II das zuletzt mit guten\u00a0 Leistungen beeindruckte.\u00a0Die Schwarz-Wei\u00dfen spielen 2o Minuten &#8220; b\u00e4renstarken Handball&#8220; und f\u00fchrten 14-1O bis zum Abpfiff der 1. Halbzeit.\u00a0Die Gastgeberinnen gaben nicht auf, \u00e4nderten die Abwehrtaktik und kurz vor Schluss stand es in diesem &#8222;Thriller&#8220; 23-23.\u00a0Jessica\u00a0 erzielte den Siegestreffer\u00a0 zum 24-23\u00a0 -Ausw\u00e4rtssieg f\u00fcr die jubelnden SWO-Damen. Der scheiternde TVC-Coach\u00a0 sagte nach dem Spiel,\u00a0seine Mannschaft hat vierzig Minuten alles richtig gemacht, leider haben wir vier Strafw\u00fcrfe nicht verwandelt und\u00a0 fanden\u00a0 nicht ein\u00a0 &#8220; fr\u00fchzeitiges Rezept\u00a0 gegen die Scharfsch\u00fctzen &#8220; von Osterfeine\u00a0(Jessica Schutt\u00a0 8 Tore \u00a0 und\u00a0 Ulrike Wielenberg 6 Tore). Zum Osterfeiner Aufgebot z\u00e4hlten noch\u00a0 Frida,\u00a0 Iris,\u00a0 Theresa (2), Mariska (2), Rebecca (2), Dorothee (1), Christin, Johanna H . (1) und Verena (2).\u00a0Nun m\u00f6chte Osterfeine II vor den Fans am Samstagabend (9.\u00a0April, 17.3O\u00a0 Uhr\u00a0\u00a0 gegen SV Cappeln I\u00a0(Hinspiel:\u00a020-28)\u00a0etwas wiedergutmachen. Unsere &#8222;Dritte\u00a0Mannschaft&#8220; macht das letzte Punktspiel der Saison 15\/16 gegen die &#8222;Reserve\u00a0 von TuS Lemf\u00f6rde&#8220;\u00a0und zeigt den Besuchern in Osterfeine wer die Punkte beh\u00e4lt\u00a0(9. April,\u00a015.3o Uhr)!<\/p>\n<p>&#8211; Andreas Knochenwefel &#8211;<\/p>\n","protected":false},"excerpt":{"rendered":"<p>&#8222;Puh, das war knapp!&#8220; Beim SWO II-Trainer\u00a0Knochenwefel kr\u00e4uselten sich die Nackenhaare im Nachholspiel am Freitagabend (01.04.2016) beim TV Cloppenburg II das zuletzt mit guten\u00a0 Leistungen beeindruckte.\u00a0Die Schwarz-Wei\u00dfen spielen 2o Minuten &#8220; b\u00e4renstarken Handball&#8220; und f\u00fchrten 14-1O bis zum Abpfiff der 1. Halbzeit.\u00a0Die Gastgeberinnen gaben nicht auf, \u00e4nderten die Abwehrtaktik und kurz vor Schluss stand es [&hellip;]<\/p>\n","protected":false},"author":3,"featured_media":0,"comment_status":"closed","ping_status":"closed","sticky":false,"template":"","format":"standard","meta":{"footnotes":""},"categories":[1],"tags":[],"_links":{"self":[{"href":"https:\/\/sw-osterfeine.de\/index.php?rest_route=\/wp\/v2\/posts\/16265"}],"collection":[{"href":"https:\/\/sw-osterfeine.de\/index.php?rest_route=\/wp\/v2\/posts"}],"about":[{"href":"https:\/\/sw-osterfeine.de\/index.php?rest_route=\/wp\/v2\/types\/post"}],"author":[{"embeddable":true,"href":"https:\/\/sw-osterfeine.de\/index.php?rest_route=\/wp\/v2\/users\/3"}],"replies":[{"embeddable":true,"href":"https:\/\/sw-osterfeine.de\/index.php?rest_route=%2Fwp%2Fv2%2Fcomments&post=16265"}],"version-history":[{"count":3,"href":"https:\/\/sw-osterfeine.de\/index.php?rest_route=\/wp\/v2\/posts\/16265\/revisions"}],"predecessor-version":[{"id":16268,"href":"https:\/\/sw-osterfeine.de\/index.php?rest_route=\/wp\/v2\/posts\/16265\/revisions\/16268"}],"wp:attachment":[{"href":"https:\/\/sw-osterfeine.de\/index.php?rest_route=%2Fwp%2Fv2%2Fmedia&parent=16265"}],"wp:term":[{"taxonomy":"category","embeddable":true,"href":"https:\/\/sw-osterfeine.de\/index.php?rest_route=%2Fwp%2Fv2%2Fcategories&post=16265"},{"taxonomy":"post_tag","embeddable":true,"href":"https:\/\/sw-osterfeine.de\/index.php?rest_route=%2Fwp%2Fv2%2Ftags&post=16265"}],"curies":[{"name":"wp","href":"https:\/\/api.w.org\/{rel}","templated":true}]}}