{"id":16289,"date":"2016-04-15T14:36:54","date_gmt":"2016-04-15T12:36:54","guid":{"rendered":"http:\/\/sw-osterfeine.de\/?p=16289"},"modified":"2016-04-15T14:36:54","modified_gmt":"2016-04-15T12:36:54","slug":"ii-herren","status":"publish","type":"post","link":"https:\/\/sw-osterfeine.de\/?p=16289","title":{"rendered":"II. Herren"},"content":{"rendered":"<p>Nach der bitteren Niederlage in Rechterfeld hatten wir am 02.04.2016 bei bestem Fu\u00dfballwetter die Fortuna aus Einen im Spitzenspiel der 1.Kreisklasse zu Gast.<\/p>\n<p>In dem von Beginn an k\u00e4mpferischen Spiel konnten wir den Tabellenf\u00fchrer zun\u00e4chst gut kontrollieren und haben kaum Chancen zugelassen. Einzig eine Ecke brachte ein wenig Gefahr, aber den Schuss aus der Drehung konnte unser Torwart Felix Gravemeyer stark parieren. Fast im Gegenzug hatten Steffen Breitenstein und wenig sp\u00e4ter Pawel Kubik die Chancen auf die F\u00fchrung doch auch der Torwart der G\u00e4ste hielt gut. Bitter f\u00fcr uns: Pawel Kubik musste schon in der 38. min verletzungsbedingt ausgewechselt werden (Zerrung).Mit einem leistungsgerechten 0:0 ging es dann in die Halbzeitpause.<!--more--><\/p>\n<p>Im zweiten Durchgang hatte sich zun\u00e4chst nicht viel ver\u00e4ndert. Es war weiterhin ein sehr intensives und meist defensiv gepr\u00e4gtes Spiel, welches dazu f\u00fchrte das Gro\u00dfchancen Mangelware blieben. Bis in der 56. Spielminute der Ball pl\u00f6tzlich in unserem Tor lag. Ein schon gekl\u00e4rt geglaubter Ball nahe der Grundlinie rutschte dem St\u00fcrmer so ungl\u00fccklich \u00fcber den Span, dass er unhaltbar \u00fcber unseren Torwart ins lange Eck flog. Nach der \u201ekalten Dusche\u201c fanden wir schnell wieder ins Spiel und erarbeiteten uns einige gute Szenen bei denen allerdings nichts Z\u00e4hlbares f\u00fcr uns heraussprang. In der 70. Spielminute dann fast der Ausgleich. Nach einer Ecke flog der Ball ,aus dem Get\u00fcmmel im Strafraum, in Richtung Tor doch wurde vermeintlich auf und nicht hinter der Linie gekl\u00e4rt. Wir erh\u00f6hten weiterhin den Druck, aber die Verteidigung der Fortuna stand gut. Nennenswerte Gro\u00dfchancen blieben bis zum Schlusspfiff aus und wir verloren das Spitzenspiel etwas ungl\u00fccklich mit 0:1.<\/p>\n<p>Am Ende fehlte uns ,wie schon in Rechterfeld, die letzte Genauigkeit im Abschluss oder vielleicht auch einfach nur das Qu\u00e4ntchen Gl\u00fcck um die Partie zu gewinnen. Aber jetzt hei\u00dft es das Spiel schnell abhacken und sich voll und ganz auf das Derby in Damme zu konzentrieren.<\/p>\n<p>Bis dann,<\/p>\n<p>die Zweite!<\/p>\n","protected":false},"excerpt":{"rendered":"<p>Nach der bitteren Niederlage in Rechterfeld hatten wir am 02.04.2016 bei bestem Fu\u00dfballwetter die Fortuna aus Einen im Spitzenspiel der 1.Kreisklasse zu Gast. In dem von Beginn an k\u00e4mpferischen Spiel konnten wir den Tabellenf\u00fchrer zun\u00e4chst gut kontrollieren und haben kaum Chancen zugelassen. Einzig eine Ecke brachte ein wenig Gefahr, aber den Schuss aus der Drehung [&hellip;]<\/p>\n","protected":false},"author":3,"featured_media":0,"comment_status":"closed","ping_status":"closed","sticky":false,"template":"","format":"standard","meta":{"footnotes":""},"categories":[3],"tags":[],"_links":{"self":[{"href":"https:\/\/sw-osterfeine.de\/index.php?rest_route=\/wp\/v2\/posts\/16289"}],"collection":[{"href":"https:\/\/sw-osterfeine.de\/index.php?rest_route=\/wp\/v2\/posts"}],"about":[{"href":"https:\/\/sw-osterfeine.de\/index.php?rest_route=\/wp\/v2\/types\/post"}],"author":[{"embeddable":true,"href":"https:\/\/sw-osterfeine.de\/index.php?rest_route=\/wp\/v2\/users\/3"}],"replies":[{"embeddable":true,"href":"https:\/\/sw-osterfeine.de\/index.php?rest_route=%2Fwp%2Fv2%2Fcomments&post=16289"}],"version-history":[{"count":2,"href":"https:\/\/sw-osterfeine.de\/index.php?rest_route=\/wp\/v2\/posts\/16289\/revisions"}],"predecessor-version":[{"id":16291,"href":"https:\/\/sw-osterfeine.de\/index.php?rest_route=\/wp\/v2\/posts\/16289\/revisions\/16291"}],"wp:attachment":[{"href":"https:\/\/sw-osterfeine.de\/index.php?rest_route=%2Fwp%2Fv2%2Fmedia&parent=16289"}],"wp:term":[{"taxonomy":"category","embeddable":true,"href":"https:\/\/sw-osterfeine.de\/index.php?rest_route=%2Fwp%2Fv2%2Fcategories&post=16289"},{"taxonomy":"post_tag","embeddable":true,"href":"https:\/\/sw-osterfeine.de\/index.php?rest_route=%2Fwp%2Fv2%2Ftags&post=16289"}],"curies":[{"name":"wp","href":"https:\/\/api.w.org\/{rel}","templated":true}]}}