{"id":16294,"date":"2016-04-15T14:47:13","date_gmt":"2016-04-15T12:47:13","guid":{"rendered":"http:\/\/sw-osterfeine.de\/?p=16294"},"modified":"2016-04-15T14:47:13","modified_gmt":"2016-04-15T12:47:13","slug":"damen-hanball","status":"publish","type":"post","link":"https:\/\/sw-osterfeine.de\/?p=16294","title":{"rendered":"Damen Hanball"},"content":{"rendered":"<div>Hallo\u00a0 Sportfreunde\u00a0 !<\/div>\n<div>\u00a0<\/div>\n<div>Souver\u00e4ne Schiedsrichterleistungen\u00a0 ( Ex- SWO- Coach Andreas Backhausbei der &#8220; Dritten &#8220;\u00a0 und\u00a0 Hannes Ortmann und Wolfgang Grummel\u00a0 vom SV Holdorf bei der &#8220; Zweiten &#8220; ) und\u00a0 zwei Heimsiege\u00a0 unserer Regionshandballerinnen am letzten Wochenende\u00a0 ! <\/div>\n<div>\u00a0<\/div>\n<div>In der Regionsliga schlie\u00dft SW Osterfeine III\u00a0 ( 9.) \u00a0 mit einer\u00a0 Galavorstellung die &#8220; 4O-Jahre &#8211; Jubi &#8211; Saison 2015\/16 &#8220; fr\u00fchzeitig ab .\u00a0\u00a0 Im Heimspiel vor vielen treuen Anh\u00e4ngern zeigten sich die\u00a0 SWO- Damen\u00a0 von der besten Seite gegen den\u00a0 Rangsiebten TuS Lemf\u00f6rde II und \u00fcberrollten den\u00a0 Gegner \u00a0 (\u00a0 die TuS &#8211; Torh\u00fcterin hatte die K\u00f6rpergr\u00f6\u00dfe des &#8220; Feldherrn Napoleon\u00a0 Bonaparte ) \u00a0 mit 27-15 Toren\u00a0 ( Halbzeit\u00a0 14-9 )\u00a0 . \u00a0 SW Osterfeine III spielte mit : \u00a0\u00a0 Carina Middendorf , MariskaSchewe ( 7 Tore ) , Annalena Meyer ( 1 ) , Annalisa Zumwalde , Thessy Gravemeyer ( 7 ),&#8220;Strafbankk\u00f6nigin &#8220; Franziska Wehri , Annemarie Kleemann ( 3 ) ,Sharina Riesenbeck (3 ), Anne Gronemeyer ( 2 ), Marita Meyer ( 1 ), Vanessa\u00a0 Heitmann ( 2 ) und Lara Macke ( 1 ).Nun hoffen unsere Damen um Betreuerin und Teammanagerin Kerstin Lehmkuhl auf Siegevon GW M\u00fchlen III und SV Cappeln III gegen den Tabellenachten TSV Wetschen II .\u00a0 Wenn Wetschen II diese Partien verliert verbessert\u00a0 sich Team 3 aus Osterfeine tatenlos auf Platz acht in dieser Spielklasse, da bei Punktgleichheit\u00a0 die\u00a0\u00a0 Schwarz-Wei\u00dfen das bessere Torverh\u00e4ltnis\u00a0 haben\u00a0 .<\/div>\n<p><!--more--><\/p>\n<div>\u00a0<\/div>\n<div>Eine Klasse h\u00f6her ( Regionsoberliga ) \u00a0 bezwang Gastgeber SW Osterfeine II\u00a0 ( 7.)\u00a0 den SV Cappeln I ( 9.) am Samstagabend ( 9 April 2016, 17.3O Uhr ) \u00a0 3O &#8211; 24\u00a0\u00a0 ( 15-14 ) .\u00a0 Die Mannschaft um Olaf Ammerich \u00a0 ( Schiedsrichteransetzer in der HROM ) \u00a0 aus dem benachbarten Kreis hatte nur Luft f\u00fcr 45 Minuten\u00a0 , \u00a0\u00a0 traf in den letzten f\u00fcnfzehn Minuten\u00a0 nur noch zweimal\u00a0 und\u00a0 die SWO- Ballwerferinnen machten &#8220; Tempo und\u00a0 Feuer\u00a0\u00a0 &#8220;\u00a0 bis zum Schlu\u00dfpfiff . \u00a0\u00a0 F\u00fcr die starke\u00a0 2. Mannschaft\u00a0 spielten Iris und Frida im Tor , \u00a0 \u00a0\u00a0 Mariska\u00a0\u00a0 ( 3 ), Thessy ( 4 ) ,\u00a0 Rebecca , Dorothee ,\u00a0 Jessica ( 12 ) ,Amelie ( 4 ) , Christin 1 ) , Kerstin ( 1) , Mareen\u00a0 ( 1 )\u00a0 und Ulrike ( 4 )\u00a0 .\u00a0\u00a0 Zum letzten Ausw\u00e4rtsspiel der\u00a0 Saison reist\u00a0 SW Osterfeine II\u00a0 nach Lohne \u00a0 (\u00a0 16\u00a0 April 2016\u00a0 ,\u00a0 19.3O Uhr )\u00a0 ohne\u00a0 die&#8220; Kurzurlauber\u00a0 Kerstin , Iris, Dorothee und Johanna G .\u00a0 &#8222;<\/div>\n<div>\u00a0<\/div>\n","protected":false},"excerpt":{"rendered":"<p>Hallo\u00a0 Sportfreunde\u00a0 ! \u00a0 Souver\u00e4ne Schiedsrichterleistungen\u00a0 ( Ex- SWO- Coach Andreas Backhausbei der &#8220; Dritten &#8220;\u00a0 und\u00a0 Hannes Ortmann und Wolfgang Grummel\u00a0 vom SV Holdorf bei der &#8220; Zweiten &#8220; ) und\u00a0 zwei Heimsiege\u00a0 unserer Regionshandballerinnen am letzten Wochenende\u00a0 ! \u00a0 In der Regionsliga schlie\u00dft SW Osterfeine III\u00a0 ( 9.) \u00a0 mit einer\u00a0 Galavorstellung die [&hellip;]<\/p>\n","protected":false},"author":3,"featured_media":0,"comment_status":"closed","ping_status":"closed","sticky":false,"template":"","format":"standard","meta":{"footnotes":""},"categories":[1],"tags":[],"_links":{"self":[{"href":"https:\/\/sw-osterfeine.de\/index.php?rest_route=\/wp\/v2\/posts\/16294"}],"collection":[{"href":"https:\/\/sw-osterfeine.de\/index.php?rest_route=\/wp\/v2\/posts"}],"about":[{"href":"https:\/\/sw-osterfeine.de\/index.php?rest_route=\/wp\/v2\/types\/post"}],"author":[{"embeddable":true,"href":"https:\/\/sw-osterfeine.de\/index.php?rest_route=\/wp\/v2\/users\/3"}],"replies":[{"embeddable":true,"href":"https:\/\/sw-osterfeine.de\/index.php?rest_route=%2Fwp%2Fv2%2Fcomments&post=16294"}],"version-history":[{"count":3,"href":"https:\/\/sw-osterfeine.de\/index.php?rest_route=\/wp\/v2\/posts\/16294\/revisions"}],"predecessor-version":[{"id":16297,"href":"https:\/\/sw-osterfeine.de\/index.php?rest_route=\/wp\/v2\/posts\/16294\/revisions\/16297"}],"wp:attachment":[{"href":"https:\/\/sw-osterfeine.de\/index.php?rest_route=%2Fwp%2Fv2%2Fmedia&parent=16294"}],"wp:term":[{"taxonomy":"category","embeddable":true,"href":"https:\/\/sw-osterfeine.de\/index.php?rest_route=%2Fwp%2Fv2%2Fcategories&post=16294"},{"taxonomy":"post_tag","embeddable":true,"href":"https:\/\/sw-osterfeine.de\/index.php?rest_route=%2Fwp%2Fv2%2Ftags&post=16294"}],"curies":[{"name":"wp","href":"https:\/\/api.w.org\/{rel}","templated":true}]}}