{"id":16335,"date":"2016-04-27T11:05:43","date_gmt":"2016-04-27T09:05:43","guid":{"rendered":"http:\/\/sw-osterfeine.de\/?p=16335"},"modified":"2016-04-27T11:05:43","modified_gmt":"2016-04-27T09:05:43","slug":"sw-osterfeine-2-vs-b-w-langfoerden-2-41","status":"publish","type":"post","link":"https:\/\/sw-osterfeine.de\/?p=16335","title":{"rendered":"SW Osterfeine 2 vs. B-W Langf\u00f6rden 2 \u2013 4:1"},"content":{"rendered":"<p>Nachdem wir unter der Woche einen etwas gl\u00fccklichen 3:2 Sieg gegen Visbek 2 einfahren konnten, wollten wir am vergangenen Sonntag die n\u00e4chsten drei Punkte einfahren, um den Anschluss an die Tabellenspitze nicht zu verlieren. <\/p>\n<p>Trotz schwieriger Witterungsbedingungen zu Beginn des Spiels lie\u00dfen wir den Gegner nicht zur Entfaltung kommen. Dadurch konnten wir uns in der Offensive einige gute M\u00f6glichkeiten auf den F\u00fchrungstreffer erspielen. Allerdings waren wir vor dem Tor h\u00e4ufig den entscheidenden Schritt zu sp\u00e4t und somit blieb uns ein fr\u00fches Tor verwehrt. Erst zum Ende der ersten Halbzeit gelang uns, nach guter Vorarbeit von Giuliano Pagano, das ersehnte 1:0 durch Sebastian St\u00e4rk, der aus kurzer Distanz einschob. Mit diesem Ergebnis ging es in die Halbzeitpause.<!--more--><\/p>\n<p>In der Kabine waren wir uns alle einig, dass ein weiterer Treffer folgen musste, um das Spiel zu unseren Gunsten zu entscheiden. Dieser gelang uns dann auch gleich zu Beginn der zweiten Halbzeit. Giuliano Pagano verwandelte in der 49. Min. einen Abpraller zum 2:0. Damit hatten wir der Mannschaft von Langf\u00f6rden den Zahn gezogen, weshalb in der restlichen Spielzeit nicht mehr viel von ihr zu sehen war. In der Folge konnten wir uns noch weitere M\u00f6glichkeiten erarbeiten und das Ergebnis, durch Treffer von Alexander St\u00e4rk (3:0, 63. Min.) und Andreas H\u00f6lzl (75. Min), sogar auf 4:0 erh\u00f6hen. Nach diesem Vorsprung lie\u00df die Konzentration bei uns ein wenig nach und so gelang Langf\u00f6rden in der Schlussphase, durch einen ungl\u00fccklich abgef\u00e4lschten Fernschuss, noch der Anschlusstreffer zum 4:1 (82. Min.).<\/p>\n<p>Insgesamt war der Sieg aber nie wirklich in Gefahr und auch, im Hinblick auf das Chancenverh\u00e4ltnis, in dieser H\u00f6he verdient. Durch die drei Punkte konnten wir zudem den Anschluss an die Tabellenspitze halten und somit die Chancen auf den Aufstieg waren. Am n\u00e4chsten Freitag (29.04 um 19:30 Uhr) treffen wir im Ausw\u00e4rtsspiel auf die Mannschaft von V\u00f6rden I. gegen die wir den n\u00e4chsten Sieg einfahren wollen.<\/p>\n<p>&nbsp;<\/p>\n<p>Bis dann!<\/p>\n<p>Die Zweite<\/p>\n<p><span class=\"visitorcount\">\u00a0<\/span><\/p>\n","protected":false},"excerpt":{"rendered":"<p>Nachdem wir unter der Woche einen etwas gl\u00fccklichen 3:2 Sieg gegen Visbek 2 einfahren konnten, wollten wir am vergangenen Sonntag die n\u00e4chsten drei Punkte einfahren, um den Anschluss an die Tabellenspitze nicht zu verlieren. Trotz schwieriger Witterungsbedingungen zu Beginn des Spiels lie\u00dfen wir den Gegner nicht zur Entfaltung kommen. Dadurch konnten wir uns in der [&hellip;]<\/p>\n","protected":false},"author":3,"featured_media":0,"comment_status":"closed","ping_status":"closed","sticky":false,"template":"","format":"standard","meta":{"footnotes":""},"categories":[3],"tags":[],"_links":{"self":[{"href":"https:\/\/sw-osterfeine.de\/index.php?rest_route=\/wp\/v2\/posts\/16335"}],"collection":[{"href":"https:\/\/sw-osterfeine.de\/index.php?rest_route=\/wp\/v2\/posts"}],"about":[{"href":"https:\/\/sw-osterfeine.de\/index.php?rest_route=\/wp\/v2\/types\/post"}],"author":[{"embeddable":true,"href":"https:\/\/sw-osterfeine.de\/index.php?rest_route=\/wp\/v2\/users\/3"}],"replies":[{"embeddable":true,"href":"https:\/\/sw-osterfeine.de\/index.php?rest_route=%2Fwp%2Fv2%2Fcomments&post=16335"}],"version-history":[{"count":1,"href":"https:\/\/sw-osterfeine.de\/index.php?rest_route=\/wp\/v2\/posts\/16335\/revisions"}],"predecessor-version":[{"id":16336,"href":"https:\/\/sw-osterfeine.de\/index.php?rest_route=\/wp\/v2\/posts\/16335\/revisions\/16336"}],"wp:attachment":[{"href":"https:\/\/sw-osterfeine.de\/index.php?rest_route=%2Fwp%2Fv2%2Fmedia&parent=16335"}],"wp:term":[{"taxonomy":"category","embeddable":true,"href":"https:\/\/sw-osterfeine.de\/index.php?rest_route=%2Fwp%2Fv2%2Fcategories&post=16335"},{"taxonomy":"post_tag","embeddable":true,"href":"https:\/\/sw-osterfeine.de\/index.php?rest_route=%2Fwp%2Fv2%2Ftags&post=16335"}],"curies":[{"name":"wp","href":"https:\/\/api.w.org\/{rel}","templated":true}]}}