{"id":18550,"date":"2017-01-18T16:34:01","date_gmt":"2017-01-18T15:34:01","guid":{"rendered":"http:\/\/sw-osterfeine.de\/?p=18550"},"modified":"2017-01-18T16:34:01","modified_gmt":"2017-01-18T15:34:01","slug":"unsere-jugendhandballmannschaften-auf-regionsebene","status":"publish","type":"post","link":"https:\/\/sw-osterfeine.de\/?p=18550","title":{"rendered":"Unsere Jugendhandballmannschaften auf Regionsebene"},"content":{"rendered":"<div class=\"moz-text-html\" lang=\"x-unicode\">\n<div>\n<div>Auch hier l\u00e4uft wieder der Spielbetrieb seit Jahresbeginn. \u00a0\u00a0 Bereits am 7. Januar 2017 startete die WJB\u00a0 -Regionsoberliga, \u00a0\u00a0 wo unsere 2. B &#8211; Jugend\u00a0 (\u00a0 Heidi und Rebecca Winter coachen das Team ) \u00a0 ihre sportliche Heimat hat . Nach sechs Spielen ohne Sieg will es die\u00a0 2.\u00a0 B -Jugend wissen und\u00a0 Punkte wiederholen, diesmal beim Schlusslicht BW Lohne II\u00a0 (\u00a0 21.1.17,\u00a0 17.30 Uhr ).<\/div>\n<div>Auf dem guten 4. Tabellenplatz finden wir die weibl . A &#8211; Jugend\u00a0 (\u00a0 Heidi\u00a0 und\u00a0 Fabian Winter ) in der Regionsoberliga.\u00a0 Am 21.1,17\u00a0 ( 15 Uhr ) findet das<\/div>\n<div>\u00a0Nachbarschaftsderby bei Falke Steinfeld statt . SW Osterfeine gewann das Hinspiel 20-15.<\/div>\n<div>\u00a0Die weibl. C &#8211; Jugend spielt als Tabellensechster in der Regionsoberliga (es wird eine Dreifachspielrunde ausgetragen mit sieben Mannschaften) und am<\/div>\n<div>\u00a021.1.17\u00a0 (15.3o Uhr) gehts zum Tabellendritten SFN Vechta .<\/div>\n<div>\u00a0In der Regionsliga sammelt unsere\u00a0 weibl. D &#8211; Jugend ihre\u00a0\u00a0 Punkte und\u00a0\u00a0 Tore, ist auf Platz vier notiert vor dem Lokalrivalen RW Damme\u00a0 !!!! \u00a0 Leider wurden die<\/div>\n<div>\u00a0Teams vom TV Dinklage und SV Holdorf hier zur\u00fcckgezogen . Am 29.1.17 m\u00fcssen unsere jungen M\u00e4dels wieder ran in eigener Halle gegen SFN Vechta ( Anwurf: 14 Uhr ). Gegen SFN Vechta m\u00fcssen wir noch zweimal spielen .<\/div>\n<div>\u00a0Im Mittelfeld der Regionsoberliga ( Platz 6 ) tummelt sich die 1. weibl. E &#8211; Jugend und erwartet am 28.1.17 ( 14 Uhr ) den zweitplazierten TV Cloppenburg .<\/div>\n<div>\u00a0Die 2. weibl. E &#8211; Jugend freut sich auf den Start ins neue Spieljahr ( Regionsliga ).\u00a0 Der Tabellenletzte BW Lohne II ( 0-14 P. ) gibt &#8220; seine Visitenkarte &#8220; am 21.1.17<\/div>\n<div>\u00a0( 14.3O Uhr ) in Osterfeine ab . SW Osterfeine II belegt hier den\u00a0 ordentlichen 7. Platz bei elf teilnehmenden Vertretungen .<\/div>\n<div>\u00a0Jeder gegen jeden (\u00a0 4 Mannschaften ) hei\u00dft es im Spielmodus in der weibl. F &#8211; Jugend Altersklasse . SW Osterfeine reist\u00a0 hier am Sonntag,\u00a0 den 22.1.17 nach Clop-<\/div>\n<div>\u00a0penburg\u00a0 (\u00a0 TV Cloppenburg, SW Osterfeine, HSG Wagenfeld \/ Wetschen , TV\u00a0\u00a0 Dinklage ) .Unserw j\u00fcngsten &#8220; Handballartisten &#8220;\u00a0\u00a0\u00a0 (Minis)\u00a0 machen am 5. 2.17\u00a0 ein<\/div>\n<div>\u00a0Turnier in Osterfeine mit BV Garrel I , BV Garrel II , TV Dinklage I,\u00a0 TV Dinklage II und Falke Steinfeld.<\/div>\n<div>\u00a0\u00a0\u00a0\u00a0\u00a0\u00a0\u00a0\u00a0\u00a0\u00a0\u00a0\u00a0\u00a0\u00a0\u00a0\u00a0\u00a0\u00a0\u00a0\u00a0\u00a0\u00a0\u00a0\u00a0\u00a0\u00a0\u00a0\u00a0\u00a0\u00a0\u00a0\u00a0\u00a0\u00a0\u00a0\u00a0\u00a0\u00a0\u00a0\u00a0\u00a0\u00a0\u00a0\u00a0\u00a0\u00a0\u00a0\u00a0\u00a0\u00a0\u00a0\u00a0\u00a0\u00a0\u00a0\u00a0<\/div>\n<div>es gr\u00fc\u00dft euch die Handballabteilung<\/div>\n<div>\u00a0<\/div>\n<\/div>\n<\/div>\n","protected":false},"excerpt":{"rendered":"<p>Auch hier l\u00e4uft wieder der Spielbetrieb seit Jahresbeginn. \u00a0\u00a0 Bereits am 7. Januar 2017 startete die WJB\u00a0 -Regionsoberliga, \u00a0\u00a0 wo unsere 2. B &#8211; Jugend\u00a0 (\u00a0 Heidi und Rebecca Winter coachen das Team ) \u00a0 ihre sportliche Heimat hat . Nach sechs Spielen ohne Sieg will es die\u00a0 2.\u00a0 B -Jugend wissen und\u00a0 Punkte wiederholen, [&hellip;]<\/p>\n","protected":false},"author":3,"featured_media":0,"comment_status":"closed","ping_status":"closed","sticky":false,"template":"","format":"standard","meta":{"footnotes":""},"categories":[1],"tags":[],"_links":{"self":[{"href":"https:\/\/sw-osterfeine.de\/index.php?rest_route=\/wp\/v2\/posts\/18550"}],"collection":[{"href":"https:\/\/sw-osterfeine.de\/index.php?rest_route=\/wp\/v2\/posts"}],"about":[{"href":"https:\/\/sw-osterfeine.de\/index.php?rest_route=\/wp\/v2\/types\/post"}],"author":[{"embeddable":true,"href":"https:\/\/sw-osterfeine.de\/index.php?rest_route=\/wp\/v2\/users\/3"}],"replies":[{"embeddable":true,"href":"https:\/\/sw-osterfeine.de\/index.php?rest_route=%2Fwp%2Fv2%2Fcomments&post=18550"}],"version-history":[{"count":1,"href":"https:\/\/sw-osterfeine.de\/index.php?rest_route=\/wp\/v2\/posts\/18550\/revisions"}],"predecessor-version":[{"id":18551,"href":"https:\/\/sw-osterfeine.de\/index.php?rest_route=\/wp\/v2\/posts\/18550\/revisions\/18551"}],"wp:attachment":[{"href":"https:\/\/sw-osterfeine.de\/index.php?rest_route=%2Fwp%2Fv2%2Fmedia&parent=18550"}],"wp:term":[{"taxonomy":"category","embeddable":true,"href":"https:\/\/sw-osterfeine.de\/index.php?rest_route=%2Fwp%2Fv2%2Fcategories&post=18550"},{"taxonomy":"post_tag","embeddable":true,"href":"https:\/\/sw-osterfeine.de\/index.php?rest_route=%2Fwp%2Fv2%2Ftags&post=18550"}],"curies":[{"name":"wp","href":"https:\/\/api.w.org\/{rel}","templated":true}]}}