{"id":18552,"date":"2017-01-18T16:36:10","date_gmt":"2017-01-18T15:36:10","guid":{"rendered":"http:\/\/sw-osterfeine.de\/?p=18552"},"modified":"2017-01-18T16:36:10","modified_gmt":"2017-01-18T15:36:10","slug":"futsalkreismeisterschaft-a-jugend","status":"publish","type":"post","link":"https:\/\/sw-osterfeine.de\/?p=18552","title":{"rendered":"Futsalkreismeisterschaft A-Jugend"},"content":{"rendered":"<div>Am Wochenende ist es so weit! Die A-Jugend steht in der Finalrunde der Futsalhallenkreismeisterschaft. Der Sieger wird zu Hause in Osterfeine am 21.01.17 ab 9:00 Uhr in der Sporthalle ermittelt. Wir hoffen auf gro\u00dfe Unterst\u00fctzung von allen OSV Fans. Der Hallenkreismeister qualifiziert sich f\u00fcr die Bezirksmeisterschaft im Futsal. Da wir als Sieger aus der Gruppe B hervorgingen, stehen unsere Chancen auf den Titel alles andere als schlecht. Also dann hoffentlich bis Samstag.<\/div>\n<div>\u00a0<\/div>\n<div>Die A-Jugend<\/div>\n","protected":false},"excerpt":{"rendered":"<p>Am Wochenende ist es so weit! Die A-Jugend steht in der Finalrunde der Futsalhallenkreismeisterschaft. Der Sieger wird zu Hause in Osterfeine am 21.01.17 ab 9:00 Uhr in der Sporthalle ermittelt. Wir hoffen auf gro\u00dfe Unterst\u00fctzung von allen OSV Fans. Der Hallenkreismeister qualifiziert sich f\u00fcr die Bezirksmeisterschaft im Futsal. Da wir als Sieger aus der Gruppe [&hellip;]<\/p>\n","protected":false},"author":3,"featured_media":0,"comment_status":"closed","ping_status":"closed","sticky":false,"template":"","format":"standard","meta":{"footnotes":""},"categories":[3],"tags":[],"_links":{"self":[{"href":"https:\/\/sw-osterfeine.de\/index.php?rest_route=\/wp\/v2\/posts\/18552"}],"collection":[{"href":"https:\/\/sw-osterfeine.de\/index.php?rest_route=\/wp\/v2\/posts"}],"about":[{"href":"https:\/\/sw-osterfeine.de\/index.php?rest_route=\/wp\/v2\/types\/post"}],"author":[{"embeddable":true,"href":"https:\/\/sw-osterfeine.de\/index.php?rest_route=\/wp\/v2\/users\/3"}],"replies":[{"embeddable":true,"href":"https:\/\/sw-osterfeine.de\/index.php?rest_route=%2Fwp%2Fv2%2Fcomments&post=18552"}],"version-history":[{"count":1,"href":"https:\/\/sw-osterfeine.de\/index.php?rest_route=\/wp\/v2\/posts\/18552\/revisions"}],"predecessor-version":[{"id":18553,"href":"https:\/\/sw-osterfeine.de\/index.php?rest_route=\/wp\/v2\/posts\/18552\/revisions\/18553"}],"wp:attachment":[{"href":"https:\/\/sw-osterfeine.de\/index.php?rest_route=%2Fwp%2Fv2%2Fmedia&parent=18552"}],"wp:term":[{"taxonomy":"category","embeddable":true,"href":"https:\/\/sw-osterfeine.de\/index.php?rest_route=%2Fwp%2Fv2%2Fcategories&post=18552"},{"taxonomy":"post_tag","embeddable":true,"href":"https:\/\/sw-osterfeine.de\/index.php?rest_route=%2Fwp%2Fv2%2Ftags&post=18552"}],"curies":[{"name":"wp","href":"https:\/\/api.w.org\/{rel}","templated":true}]}}