{"id":18555,"date":"2017-01-20T08:06:55","date_gmt":"2017-01-20T07:06:55","guid":{"rendered":"http:\/\/sw-osterfeine.de\/?p=18555"},"modified":"2017-01-20T08:06:55","modified_gmt":"2017-01-20T07:06:55","slug":"swo-1-g-jugend-fussball-verpasst-in-dielingen-nur-knapp-den-1-platz","status":"publish","type":"post","link":"https:\/\/sw-osterfeine.de\/?p=18555","title":{"rendered":"SWO 1. G Jugend Fu\u00dfball verpasst in Dielingen nur knapp den 1. Platz!"},"content":{"rendered":"<p>Am vergangenen Wochenende stand f\u00fcr unsere 1. G Jugend die Reise zum kleinen Hallenturnier beim TUS Dielingen auf dem Plan. Als Gegner waren angemeldet der TUS Dielingen, Wagenfeld, Falke Steinfeld, Pr. Oldendorf und Oberbauerschaft (bei L\u00fcbbecke!). Leider ist letzteres Team nicht zum Turnier angetreten sodass wir dank 15 mitgebrachten Kids kurzerhand mit 2 Teams von SWO an den Start gegangen sind! Dies hatte nat\u00fcrlich zur Folge, dass unsere Spieler nur wenig Pausen zwischen den Spielen hatten und es auch unseren mitgereisten Fans nie langweilig wurde. <br \/>\nBeide Teams verkauften sich \u00fcber die gesamten Spiele wirklich klasse und zeigten Fu\u00dfball der richtig Spa\u00df machte. Mit dem f\u00fcr Osterfeine bekannten Kampf und Ehrgeiz boten wir unseren ebenb\u00fcrtigen Gegnern ordentlich Paroli. Besonders hervorzuheben ist dabei noch mal unser Team A, welches kein einziges Spiel verloren hat. Lediglich im letzten Spiel des Tages gegen den sp\u00e4teren Turniersieger Pr. Oldendorf kamen unsere Jungs dank eines bis zur Schluss-Sekunde spannenden 1:1 nicht zum erhofften Sieg. Ein Endspiel im wahrsten Sinne des Wortes.<\/p>\n<p>Auch Team B verkaufte sich super, gewann Spiele, erreichte im direkten Duell gegen Team A ein unentschieden und verlor 2 Spiele nur knapp!<br \/>\nAm Ende Platz 2 und Platz 5 sind ein super Ergebnis wor\u00fcber wir als Trainer besonders stolz sind! Man bedenke: die Kinder sind 5-6 Jahre alt und hei\u00dfer als so manch gro\u00dfer Spieler.<br \/>\nG-Jugend Fu\u00dfball ist wirklich toll anzuschauen und hier ist es wirklich noch Fu\u00dfball pur: kein meckern, kein maulen, kein schimpfen. Alle wollen nur das eine: \u201ekicken\u201c!<br \/>\nSchaut es euch selbst mal an, am 28.01.2017 vormittags ab 09.30 Uhr in Steinfeld oder am 12.02.2017 vormittags in Osterfeine! Unsere Jungs und M\u00e4dels w\u00fcrden sich freuen\u2026<\/p>\n<p>Beste Gr\u00fc\u00dfe,<br \/>\nHoschi und Schiller<\/p>\n","protected":false},"excerpt":{"rendered":"<p>Am vergangenen Wochenende stand f\u00fcr unsere 1. G Jugend die Reise zum kleinen Hallenturnier beim TUS Dielingen auf dem Plan. Als Gegner waren angemeldet der TUS Dielingen, Wagenfeld, Falke Steinfeld, Pr. Oldendorf und Oberbauerschaft (bei L\u00fcbbecke!). Leider ist letzteres Team nicht zum Turnier angetreten sodass wir dank 15 mitgebrachten Kids kurzerhand mit 2 Teams von [&hellip;]<\/p>\n","protected":false},"author":3,"featured_media":0,"comment_status":"closed","ping_status":"closed","sticky":false,"template":"","format":"standard","meta":{"footnotes":""},"categories":[3],"tags":[],"_links":{"self":[{"href":"https:\/\/sw-osterfeine.de\/index.php?rest_route=\/wp\/v2\/posts\/18555"}],"collection":[{"href":"https:\/\/sw-osterfeine.de\/index.php?rest_route=\/wp\/v2\/posts"}],"about":[{"href":"https:\/\/sw-osterfeine.de\/index.php?rest_route=\/wp\/v2\/types\/post"}],"author":[{"embeddable":true,"href":"https:\/\/sw-osterfeine.de\/index.php?rest_route=\/wp\/v2\/users\/3"}],"replies":[{"embeddable":true,"href":"https:\/\/sw-osterfeine.de\/index.php?rest_route=%2Fwp%2Fv2%2Fcomments&post=18555"}],"version-history":[{"count":1,"href":"https:\/\/sw-osterfeine.de\/index.php?rest_route=\/wp\/v2\/posts\/18555\/revisions"}],"predecessor-version":[{"id":18556,"href":"https:\/\/sw-osterfeine.de\/index.php?rest_route=\/wp\/v2\/posts\/18555\/revisions\/18556"}],"wp:attachment":[{"href":"https:\/\/sw-osterfeine.de\/index.php?rest_route=%2Fwp%2Fv2%2Fmedia&parent=18555"}],"wp:term":[{"taxonomy":"category","embeddable":true,"href":"https:\/\/sw-osterfeine.de\/index.php?rest_route=%2Fwp%2Fv2%2Fcategories&post=18555"},{"taxonomy":"post_tag","embeddable":true,"href":"https:\/\/sw-osterfeine.de\/index.php?rest_route=%2Fwp%2Fv2%2Ftags&post=18555"}],"curies":[{"name":"wp","href":"https:\/\/api.w.org\/{rel}","templated":true}]}}