{"id":18578,"date":"2017-01-27T08:20:33","date_gmt":"2017-01-27T07:20:33","guid":{"rendered":"http:\/\/sw-osterfeine.de\/?p=18578"},"modified":"2017-01-27T08:20:33","modified_gmt":"2017-01-27T07:20:33","slug":"berichte-2-und-3-damen","status":"publish","type":"post","link":"https:\/\/sw-osterfeine.de\/?p=18578","title":{"rendered":"Berichte 2. und 3. Damen"},"content":{"rendered":"<div class=\"moz-text-html\" lang=\"x-unicode\">\n<div>\n<div>Guten Tag , liebe Sportfreunde\u00a0 !<\/div>\n<div>\u00a0<\/div>\n<div>\u00a02. Damen Handball- Regionsoberliga ( 21.1.17 )<\/div>\n<div>\u00a0<\/div>\n<div>Gro\u00dfe \u00dcberrraschung in der\u00a0 Cloppenburger TVC- Halle am Samstagnachmittag. Der Aufstiegskandidat TV Cloppenburg II\u00a0 ( 2. Platz )\u00a0 musste eine schmerzliche<\/div>\n<div>Heimniederlage gegen unsere 2. Damen einstecken . Zun\u00e4chst sah es aber nicht so aus , Cloppenburg II\u00a0 nahm das Match in die\u00a0 Hand\u00a0 und zeigte seine Qualit\u00e4ten im R\u00fcckraum\u00a0 (\u00a0 Pausenstand : 10-7 )\u00a0 .Trotzdem zeigte SWO- Torfrau Iris Schlarmann eine &#8222;Olympiareife Vorstellung &#8220;\u00a0 ( 18 W\u00fcrfe , davon 1 Strafwurf gehalten ) und das gab ihren Vorderleuten mit zunehmender Spieldauer Sicherheit, im Angriff wurde diszipliniert und einfallsreich mit Tempowechsel gespielt . Lohn der Spielweise war der Ausgleich\u00a0 ( 11-11 ,\u00a0 34. Minute ) als die \u00fcbermutigen Gastgeberinnen ihre Deckung von 6-0\u00a0 auf 5-1 umstellten. Die Schwarz-Wei\u00dfen nutzten die gro\u00dfen R\u00e4ume \u00fcber die Au\u00dfen &#8211; und Kreispositionen zu sch\u00f6nen Treffern, immer wieder von unseren klugen R\u00fcckraumspielrinnen in Szene gesetzt worden . Cloppenburg II war geschockt und geriet in R\u00fcckstand ( 11-14, 15-17, 17-19 , 17-22 ) und musste sich geschlagen geben. Mit\u00a0 22-18 gewinnt unsere &#8220; Zweite &#8220; ihr erstes Ausw\u00e4rtsspiel in dieser Saison .\u00a0 &#8222;Einfach herrlich !!&#8220; Osterfeine II . Iris Schlarmann , &#8222;Frida &#8220; L\u00fccke &#8211; Ulrike Wielenberg ( 5\/2 ), Anne Gronemeyer ( 3 )&#8220;Doti &#8220; Hillmann ( 2 ) ,Johanna Hentemann (2 ), Kerstin Lehmkuhl ( 1 ), Katharina Hentemann ( 2 ), Michaela Nienaber ( 2 ), Maike Lange\u00a0 ( 1, verletzte sich am Knie ), Mareen Kamphaus ( 2 ) und Christin Fangmann ( 2 ).<\/div>\n<div>Am Freitagabend hat unsere 2. Damen\u00a0 trainingsfrei , daf\u00fcr steht eine Doppelbelstung am Wochenende auf dem Programm .\u00a0 Samstagnachmittag\u00a0\u00a0 ( 28.1.17,\u00a0\u00a0 15.30 Uhr ) empfangen wir\u00a0 ( 9. )\u00a0 den Tabellenf\u00fcnften SV Holdorf II und am Sonntag gibts ein Gastspiel (15 Uhr) beim SV Cappeln I\u00a0 (10.).<\/div>\n<div>\u00a0<\/div>\n<div>\n<div class=\"moz-text-html\" lang=\"x-unicode\">\n<div>\n<div>3. Damen Handball- Regionsliga\u00a0 ( 22.1.17 )<\/div>\n<div>\u00a0<\/div>\n<div>Einen Tag sp\u00e4ter steht unsere gastgebende 3. Mannschaft auf verlorenem Posten gegen den &#8220; untervorderten &#8220;\u00a0 ( O &#8211; Ton\u00a0 :\u00a0 Franz-Josef Kettmann , Garrel ) \u00a0 Tabellenf\u00fchrer BV Garrel II .Mit 42-14\u00a0 (\u00a0 20-10 ) gewinnen die G\u00e4ste ihr achtes Spiel in Folge und streben den Aufstieg in die Regionsoberliga an. Bis zum 5-5\u00a0 ( 9. Minute ) hielten wir mit, doch dann brachen alle D\u00e4mme gegen\u00a0\u00a0 Garrel\u00a0 ( mit f\u00fcnf ehemaligen Oberligaspielerinnen ) und das war der Untergang .\u00a0 Unsere Au\u00dfenspielerinnen waren gegen die agressive 3-2-1 Deckung v\u00f6llig abgemeldet,\u00a0 Carina Middendorf konnte nach wochenlanger Pause der Osterfeiner Mannschaft<\/div>\n<div>keine Impulse geben\u00a0 und musste in der 57. Minute verletzt\u00a0 (\u00a0 Fu\u00df ) das Spielfeld verlassen . Trotzdem lassen wir den Kopf nicht h\u00e4ngen\u00a0 ,\u00a0 trainieren flei\u00dfig\u00a0 weiter gemeinsam mit unserer 2. Mannschaft und freuen uns auf das n\u00e4chste\u00a0 Heimspiel\u00a0 am\u00a0 4. Februar 2017 (16.30 Uhr). Teamliste :\u00a0 Carina<\/div>\n<div>Middendorf &#8211; Anne Gronemeyer\u00a0\u00a0 ( 3 ) , Annemarie Kleemann ( 3 ), Vanessa Heitmann ( 7 ), Anna-Lisa ( 1 ), Franziska Wehri, Sharina Riesenbeck , Lena Gravemeyer , Marita Meyer , Michaela\u00a0 Nienaber\u00a0 . Lena Kettmann traf\u00a0 (13) f\u00fcr\u00a0\u00a0 Garrel II am h\u00e4ufigsten bei diesem Kantersieg .<\/div>\n<div>\u00a0<\/div>\n<div>mit sportlichen Gr\u00fc\u00dfen\u00a0<\/div>\n<div>\u00a0<\/div>\n<div>die Handballerinnen<\/div>\n<div>\u00a0<\/div>\n<div>\u00a0<\/div>\n<\/div>\n<\/div>\n<\/div>\n<\/div>\n<\/div>\n","protected":false},"excerpt":{"rendered":"<p>Guten Tag , liebe Sportfreunde\u00a0 ! \u00a0 \u00a02. Damen Handball- Regionsoberliga ( 21.1.17 ) \u00a0 Gro\u00dfe \u00dcberrraschung in der\u00a0 Cloppenburger TVC- Halle am Samstagnachmittag. Der Aufstiegskandidat TV Cloppenburg II\u00a0 ( 2. Platz )\u00a0 musste eine schmerzliche Heimniederlage gegen unsere 2. Damen einstecken . Zun\u00e4chst sah es aber nicht so aus , Cloppenburg II\u00a0 nahm das [&hellip;]<\/p>\n","protected":false},"author":3,"featured_media":0,"comment_status":"closed","ping_status":"closed","sticky":false,"template":"","format":"standard","meta":{"footnotes":""},"categories":[1],"tags":[],"_links":{"self":[{"href":"https:\/\/sw-osterfeine.de\/index.php?rest_route=\/wp\/v2\/posts\/18578"}],"collection":[{"href":"https:\/\/sw-osterfeine.de\/index.php?rest_route=\/wp\/v2\/posts"}],"about":[{"href":"https:\/\/sw-osterfeine.de\/index.php?rest_route=\/wp\/v2\/types\/post"}],"author":[{"embeddable":true,"href":"https:\/\/sw-osterfeine.de\/index.php?rest_route=\/wp\/v2\/users\/3"}],"replies":[{"embeddable":true,"href":"https:\/\/sw-osterfeine.de\/index.php?rest_route=%2Fwp%2Fv2%2Fcomments&post=18578"}],"version-history":[{"count":3,"href":"https:\/\/sw-osterfeine.de\/index.php?rest_route=\/wp\/v2\/posts\/18578\/revisions"}],"predecessor-version":[{"id":18581,"href":"https:\/\/sw-osterfeine.de\/index.php?rest_route=\/wp\/v2\/posts\/18578\/revisions\/18581"}],"wp:attachment":[{"href":"https:\/\/sw-osterfeine.de\/index.php?rest_route=%2Fwp%2Fv2%2Fmedia&parent=18578"}],"wp:term":[{"taxonomy":"category","embeddable":true,"href":"https:\/\/sw-osterfeine.de\/index.php?rest_route=%2Fwp%2Fv2%2Fcategories&post=18578"},{"taxonomy":"post_tag","embeddable":true,"href":"https:\/\/sw-osterfeine.de\/index.php?rest_route=%2Fwp%2Fv2%2Ftags&post=18578"}],"curies":[{"name":"wp","href":"https:\/\/api.w.org\/{rel}","templated":true}]}}