{"id":18609,"date":"2017-02-06T08:14:07","date_gmt":"2017-02-06T07:14:07","guid":{"rendered":"http:\/\/sw-osterfeine.de\/?p=18609"},"modified":"2017-02-06T08:14:07","modified_gmt":"2017-02-06T07:14:07","slug":"christian-schiffbaenker-auch-in-der-kommenden-serie-trainer-von-sw-osterfeine-i","status":"publish","type":"post","link":"https:\/\/sw-osterfeine.de\/?p=18609","title":{"rendered":"Christian Schiffb\u00e4nker auch in der kommenden Serie Trainer von SW Osterfeine I"},"content":{"rendered":"<p>Die erste Fu\u00dfballmannschaft von SW Osterfeine wird auch in der Spielserie 2017\/2018 von Christian Schiffb\u00e4nker trainiert.<\/p>\n<p>Ebenso verl\u00e4ngert wurde die Zusammenarbeit mit Co-Trainer Thorsten D\u00fcnnemann, der bereits seine 4. Saison bei SW Osterfeine in Angriff nimmt.<\/p>\n<p>Der Sportverein SW Osterfeine bedankt sich bei beiden Sportlern f\u00fcr die Zusage \u00fcber die weitere Zusammenarbeit und w\u00fcnscht beiden Trainern viel Spa\u00df mit unseren Fu\u00dfballern und weiterhin ein gutes Miteinander mit allen Beteiligten.<\/p>\n","protected":false},"excerpt":{"rendered":"<p>Die erste Fu\u00dfballmannschaft von SW Osterfeine wird auch in der Spielserie 2017\/2018 von Christian Schiffb\u00e4nker trainiert. Ebenso verl\u00e4ngert wurde die Zusammenarbeit mit Co-Trainer Thorsten D\u00fcnnemann, der bereits seine 4. Saison bei SW Osterfeine in Angriff nimmt. Der Sportverein SW Osterfeine bedankt sich bei beiden Sportlern f\u00fcr die Zusage \u00fcber die weitere Zusammenarbeit und w\u00fcnscht beiden [&hellip;]<\/p>\n","protected":false},"author":3,"featured_media":0,"comment_status":"closed","ping_status":"closed","sticky":false,"template":"","format":"standard","meta":{"footnotes":""},"categories":[3],"tags":[],"_links":{"self":[{"href":"https:\/\/sw-osterfeine.de\/index.php?rest_route=\/wp\/v2\/posts\/18609"}],"collection":[{"href":"https:\/\/sw-osterfeine.de\/index.php?rest_route=\/wp\/v2\/posts"}],"about":[{"href":"https:\/\/sw-osterfeine.de\/index.php?rest_route=\/wp\/v2\/types\/post"}],"author":[{"embeddable":true,"href":"https:\/\/sw-osterfeine.de\/index.php?rest_route=\/wp\/v2\/users\/3"}],"replies":[{"embeddable":true,"href":"https:\/\/sw-osterfeine.de\/index.php?rest_route=%2Fwp%2Fv2%2Fcomments&post=18609"}],"version-history":[{"count":1,"href":"https:\/\/sw-osterfeine.de\/index.php?rest_route=\/wp\/v2\/posts\/18609\/revisions"}],"predecessor-version":[{"id":18610,"href":"https:\/\/sw-osterfeine.de\/index.php?rest_route=\/wp\/v2\/posts\/18609\/revisions\/18610"}],"wp:attachment":[{"href":"https:\/\/sw-osterfeine.de\/index.php?rest_route=%2Fwp%2Fv2%2Fmedia&parent=18609"}],"wp:term":[{"taxonomy":"category","embeddable":true,"href":"https:\/\/sw-osterfeine.de\/index.php?rest_route=%2Fwp%2Fv2%2Fcategories&post=18609"},{"taxonomy":"post_tag","embeddable":true,"href":"https:\/\/sw-osterfeine.de\/index.php?rest_route=%2Fwp%2Fv2%2Ftags&post=18609"}],"curies":[{"name":"wp","href":"https:\/\/api.w.org\/{rel}","templated":true}]}}