{"id":18677,"date":"2017-02-26T11:45:32","date_gmt":"2017-02-26T10:45:32","guid":{"rendered":"http:\/\/sw-osterfeine.de\/?p=18677"},"modified":"2017-02-26T11:45:32","modified_gmt":"2017-02-26T10:45:32","slug":"christian-calli-hellebusch-bleibt-a-jugendtrainer-in-20172018","status":"publish","type":"post","link":"https:\/\/sw-osterfeine.de\/?p=18677","title":{"rendered":"Christian \u201eCalli\u201c Hellebusch bleibt A-Jugendtrainer in 2017\/2018"},"content":{"rendered":"<p><strong>Mit spontanem Beifall quittierten die Spieler unserer A-Jugend die Mitteilung am gestrigen Freitagabend, dass ihr Trainer Christian Hellebusch auch in der kommenden Serie f\u00fcr sie als Trainer zur Verf\u00fcgung steht. In der laufenden Serie haben sich Calli, Bobby und die A-Jugendjungs ganz klasse geschlagen. Trotz einiger Verletzungsausf\u00e4lle qualifizierten sie sich f\u00fcr die R\u00fcckserie f\u00fcr die OM-Liga und belegten einen Podiumsplatz in der Futsalkreismeisterschaft. Das schafften die Jungs mit einer reinen\u00a0 Vereinsmannschaft, tummeln sich in der A-Jugend mittlerweile doch fast nur noch Spielgemeinschaften oder Teams mit zusammengesuchten Spielern auch im Kreis Vechta herum. Die Mannschaft bereitet sich zurzeit auf den Start der OM-Liga vor und konnte gestern auf dem Dammer Kunstrasen bei der 0:2 Niederlage gegen RW Damme ganz wichtige Spielpraxis sammeln.<\/strong><\/p>\n<p><strong>Spiel- und Trainingspraxis sammelten in der Hinserie schon mehrere Jungs des \u00e4lteren Jahrgangs im Herrenbereich, wodurch der \u00dcbergang zu den Erwachsenen in einigen Monaten f\u00fcr diese Jungs wieder reibungslos laufen wird. <\/strong><\/p>\n<p><strong>Nochmal ein gro\u00dfes Danke an Calli f\u00fcr die Zusage f\u00fcr das kommende Jahr und allen Jungs viel Spa\u00df und Erfolg in der R\u00fcckrunde.<\/strong><\/p>\n","protected":false},"excerpt":{"rendered":"<p>Mit spontanem Beifall quittierten die Spieler unserer A-Jugend die Mitteilung am gestrigen Freitagabend, dass ihr Trainer Christian Hellebusch auch in der kommenden Serie f\u00fcr sie als Trainer zur Verf\u00fcgung steht. In der laufenden Serie haben sich Calli, Bobby und die A-Jugendjungs ganz klasse geschlagen. Trotz einiger Verletzungsausf\u00e4lle qualifizierten sie sich f\u00fcr die R\u00fcckserie f\u00fcr die [&hellip;]<\/p>\n","protected":false},"author":3,"featured_media":0,"comment_status":"closed","ping_status":"closed","sticky":false,"template":"","format":"standard","meta":{"footnotes":""},"categories":[3],"tags":[],"_links":{"self":[{"href":"https:\/\/sw-osterfeine.de\/index.php?rest_route=\/wp\/v2\/posts\/18677"}],"collection":[{"href":"https:\/\/sw-osterfeine.de\/index.php?rest_route=\/wp\/v2\/posts"}],"about":[{"href":"https:\/\/sw-osterfeine.de\/index.php?rest_route=\/wp\/v2\/types\/post"}],"author":[{"embeddable":true,"href":"https:\/\/sw-osterfeine.de\/index.php?rest_route=\/wp\/v2\/users\/3"}],"replies":[{"embeddable":true,"href":"https:\/\/sw-osterfeine.de\/index.php?rest_route=%2Fwp%2Fv2%2Fcomments&post=18677"}],"version-history":[{"count":1,"href":"https:\/\/sw-osterfeine.de\/index.php?rest_route=\/wp\/v2\/posts\/18677\/revisions"}],"predecessor-version":[{"id":18678,"href":"https:\/\/sw-osterfeine.de\/index.php?rest_route=\/wp\/v2\/posts\/18677\/revisions\/18678"}],"wp:attachment":[{"href":"https:\/\/sw-osterfeine.de\/index.php?rest_route=%2Fwp%2Fv2%2Fmedia&parent=18677"}],"wp:term":[{"taxonomy":"category","embeddable":true,"href":"https:\/\/sw-osterfeine.de\/index.php?rest_route=%2Fwp%2Fv2%2Fcategories&post=18677"},{"taxonomy":"post_tag","embeddable":true,"href":"https:\/\/sw-osterfeine.de\/index.php?rest_route=%2Fwp%2Fv2%2Ftags&post=18677"}],"curies":[{"name":"wp","href":"https:\/\/api.w.org\/{rel}","templated":true}]}}