{"id":18691,"date":"2017-02-28T10:25:47","date_gmt":"2017-02-28T09:25:47","guid":{"rendered":"http:\/\/sw-osterfeine.de\/?p=18691"},"modified":"2017-02-28T10:25:47","modified_gmt":"2017-02-28T09:25:47","slug":"wjb-1-hsg-osnabrueck-12-28","status":"publish","type":"post","link":"https:\/\/sw-osterfeine.de\/?p=18691","title":{"rendered":"WJB 1 \u2013 HSG Osnabr\u00fcck: 12 \u2013 28"},"content":{"rendered":"<p>Unsere Formkrise hielt leider auch gegen die G\u00e4ste aus Osnabr\u00fcck an. Folgerichtig kamen wir in eigener Halle mit 28 zu 12 unerwartet deutlich \u201eunter die R\u00e4der\u201c. Schon nach 5 Minuten brachen wir komplett auseinander und die G\u00e4ste zogen von 2 -4 auf 2- 7 davon. Und wir kamen weder in der Abwehr, noch im Angriff wieder an unsere Normalform heran. Umstellung in der Defensive, Umstellung in der Offensive, Manndeckung gegen Osnabr\u00fccks Haupttorsch\u00fctzin, egal was wir versuchten, es will uns derzeit einfach absolut nichts gelingen. Dabei erspielten wir uns wieder unz\u00e4hlige Torchancen, aber der Abschluss fand nie den Weg ins Tor. Fehlende Einstellung oder Engagement kann ich meinem Team keinesfalls vorwerfen, im Gegenteil! Alle trainieren wirklich gut. Momentan sind die K\u00f6pfe einfach nicht frei, die \u201eAngst vorm Verlieren\u201c steht bei uns weit vor \u201eder Lust zu gewinnen\u201c, und das ist einfach der falsche Weg. Wir gehen jetzt in die letzten 5 Wochen der Saison, wo jedes Wochenende ein bockstarker Gegner wartet. Nach zwei mega erfolgreichen Jahren stehe ich jetzt auch in der Krise zum Team und wir werden den Rest unserer gemeinsamen Zeit nun noch ganz viel spielen, Spa\u00df haben und zusammenr\u00fccken, und so kommen wir auch durch dieses Loch. Kein Druck mehr f\u00fcr meine kleinen K\u00e4mpferinnen. Ihr habt Euch so lange so toll geschlagen, diese Krise sei Euch gestattet. Wir werden k\u00e4mpfen, das Beste geben und Spa\u00df an unserer Gemeinschaft haben, es kann halt nicht immer nur geradeaus gehen! Wir sind und bleiben ein tolles Team!<\/p>\n<p>Am Samstag, den 04.03. um 14.30 Uhr, kommt mit Garrel der Tabellenf\u00fchrer nach Osterfeine. Die haben mir im Hinspiel, wo es eine deutliche Niederlage setzte, sehr imponiert. Die spielen einen echt schnellen und guten Ball und decken wahnsinnig aggressiv. Attribute, die wir zur Oberliga-Vorrunde auch abrufen konnten. Wenn wir uns da nicht deutlich steigern kriegen wir ein Sch\u00fctzenfest. Aber mein Team hat in den letzten zwei Jahren so viel Charakter bewiesen, wir gehen da ohne Angst rein. Ich m\u00f6chte f\u00fcr meine M\u00e4dels nur um Unterst\u00fctzung von der Trib\u00fcne bitten. Dass wir aktuell nicht an die Leistungen der letzten Monate ankn\u00fcpfen wissen wir selber. Ich trainiere ganz junge M\u00e4dels, die immer ihr Bestes geben, aber es aktuell nicht abrufen k\u00f6nnen. Die, die uns anfeuern in dieser Krise, auch wenn wir schon 10 Tore hinten liegen (und davon gibt es zum Gl\u00fcck noch einige auf der Trib\u00fcne) die brauchen wir jetzt sehr. Die, die aktuell alles besser wissen, sollten es leise untereinander diskutieren, denn meine M\u00e4dels sind verunsichert genug. In der Landesliga und der Oberliga-Vorrunde haben wir unsere Fans mit tollem Handball begeistert und alle standen lautstark hinter uns. Jetzt, wo es gerade echt mal so gar nicht l\u00e4uft, werden wir sehen, wer unsere echten Fans sind. Gegen Garrel wird das ein schwerer Weg f\u00fcr uns. Aber \u201eeinfach kann jeder\u201c! M\u00e4dels, wir haben vor Gewitter mehr Angst als vor den letzten Spielen, glaubt mir! Das kriegen wir zusammen hin!<\/p>\n<p>&nbsp;<\/p>\n","protected":false},"excerpt":{"rendered":"<p>Unsere Formkrise hielt leider auch gegen die G\u00e4ste aus Osnabr\u00fcck an. Folgerichtig kamen wir in eigener Halle mit 28 zu 12 unerwartet deutlich \u201eunter die R\u00e4der\u201c. Schon nach 5 Minuten brachen wir komplett auseinander und die G\u00e4ste zogen von 2 -4 auf 2- 7 davon. Und wir kamen weder in der Abwehr, noch im Angriff [&hellip;]<\/p>\n","protected":false},"author":3,"featured_media":0,"comment_status":"closed","ping_status":"closed","sticky":false,"template":"","format":"standard","meta":{"footnotes":""},"categories":[1],"tags":[],"_links":{"self":[{"href":"https:\/\/sw-osterfeine.de\/index.php?rest_route=\/wp\/v2\/posts\/18691"}],"collection":[{"href":"https:\/\/sw-osterfeine.de\/index.php?rest_route=\/wp\/v2\/posts"}],"about":[{"href":"https:\/\/sw-osterfeine.de\/index.php?rest_route=\/wp\/v2\/types\/post"}],"author":[{"embeddable":true,"href":"https:\/\/sw-osterfeine.de\/index.php?rest_route=\/wp\/v2\/users\/3"}],"replies":[{"embeddable":true,"href":"https:\/\/sw-osterfeine.de\/index.php?rest_route=%2Fwp%2Fv2%2Fcomments&post=18691"}],"version-history":[{"count":1,"href":"https:\/\/sw-osterfeine.de\/index.php?rest_route=\/wp\/v2\/posts\/18691\/revisions"}],"predecessor-version":[{"id":18692,"href":"https:\/\/sw-osterfeine.de\/index.php?rest_route=\/wp\/v2\/posts\/18691\/revisions\/18692"}],"wp:attachment":[{"href":"https:\/\/sw-osterfeine.de\/index.php?rest_route=%2Fwp%2Fv2%2Fmedia&parent=18691"}],"wp:term":[{"taxonomy":"category","embeddable":true,"href":"https:\/\/sw-osterfeine.de\/index.php?rest_route=%2Fwp%2Fv2%2Fcategories&post=18691"},{"taxonomy":"post_tag","embeddable":true,"href":"https:\/\/sw-osterfeine.de\/index.php?rest_route=%2Fwp%2Fv2%2Ftags&post=18691"}],"curies":[{"name":"wp","href":"https:\/\/api.w.org\/{rel}","templated":true}]}}