{"id":18693,"date":"2017-03-01T08:23:27","date_gmt":"2017-03-01T07:23:27","guid":{"rendered":"http:\/\/sw-osterfeine.de\/?p=18693"},"modified":"2017-03-01T08:23:27","modified_gmt":"2017-03-01T07:23:27","slug":"seppl-ripke-bleibt-trainer-bei-sw-osterfeine-ii","status":"publish","type":"post","link":"https:\/\/sw-osterfeine.de\/?p=18693","title":{"rendered":"Seppl Ripke bleibt Trainer bei SW Osterfeine II"},"content":{"rendered":"<p>Auch in der kommenden Spielserie 2017\/2018 wird die 2. Herrenmannschaft von SW Osterfeine II von Seppl Ripke trainiert. Hiermit wird die langj\u00e4hrige angenehme Zusammenarbeit fortgesetzt.<\/p>\n<p>Verein und Mannschaft sind erfreut \u00fcber die Zusage von Franz-Josef Ripke auch zuk\u00fcnftig die Verantwortung f\u00fcr unsere Reserve zu \u00fcbernehmen. Nun kann sich\u00a0 die Mannschaft mit voller Kraft in den R\u00fcckrundenstart am Sonntag st\u00fcrzen,\u00a0 l\u00e4uft mit dem SV Kroge-Ehrendorf doch ein interessanter Gegner in Osterfeine auf.<\/p>\n<p>Der Sportverein bedankt sich bei Seppl f\u00fcr die Zusage und w\u00fcnscht Trainer und Mannschaft auch f\u00fcr die Zukunft weiterhin viel Spa\u00df miteinander und den gew\u00fcnschten sportlichen Erfolg.<\/p>\n","protected":false},"excerpt":{"rendered":"<p>Auch in der kommenden Spielserie 2017\/2018 wird die 2. Herrenmannschaft von SW Osterfeine II von Seppl Ripke trainiert. Hiermit wird die langj\u00e4hrige angenehme Zusammenarbeit fortgesetzt. Verein und Mannschaft sind erfreut \u00fcber die Zusage von Franz-Josef Ripke auch zuk\u00fcnftig die Verantwortung f\u00fcr unsere Reserve zu \u00fcbernehmen. Nun kann sich\u00a0 die Mannschaft mit voller Kraft in den [&hellip;]<\/p>\n","protected":false},"author":3,"featured_media":0,"comment_status":"closed","ping_status":"closed","sticky":false,"template":"","format":"standard","meta":{"footnotes":""},"categories":[3],"tags":[],"_links":{"self":[{"href":"https:\/\/sw-osterfeine.de\/index.php?rest_route=\/wp\/v2\/posts\/18693"}],"collection":[{"href":"https:\/\/sw-osterfeine.de\/index.php?rest_route=\/wp\/v2\/posts"}],"about":[{"href":"https:\/\/sw-osterfeine.de\/index.php?rest_route=\/wp\/v2\/types\/post"}],"author":[{"embeddable":true,"href":"https:\/\/sw-osterfeine.de\/index.php?rest_route=\/wp\/v2\/users\/3"}],"replies":[{"embeddable":true,"href":"https:\/\/sw-osterfeine.de\/index.php?rest_route=%2Fwp%2Fv2%2Fcomments&post=18693"}],"version-history":[{"count":1,"href":"https:\/\/sw-osterfeine.de\/index.php?rest_route=\/wp\/v2\/posts\/18693\/revisions"}],"predecessor-version":[{"id":18694,"href":"https:\/\/sw-osterfeine.de\/index.php?rest_route=\/wp\/v2\/posts\/18693\/revisions\/18694"}],"wp:attachment":[{"href":"https:\/\/sw-osterfeine.de\/index.php?rest_route=%2Fwp%2Fv2%2Fmedia&parent=18693"}],"wp:term":[{"taxonomy":"category","embeddable":true,"href":"https:\/\/sw-osterfeine.de\/index.php?rest_route=%2Fwp%2Fv2%2Fcategories&post=18693"},{"taxonomy":"post_tag","embeddable":true,"href":"https:\/\/sw-osterfeine.de\/index.php?rest_route=%2Fwp%2Fv2%2Ftags&post=18693"}],"curies":[{"name":"wp","href":"https:\/\/api.w.org\/{rel}","templated":true}]}}