{"id":18698,"date":"2017-03-02T09:34:03","date_gmt":"2017-03-02T08:34:03","guid":{"rendered":"http:\/\/sw-osterfeine.de\/?p=18698"},"modified":"2017-03-02T09:34:03","modified_gmt":"2017-03-02T08:34:03","slug":"generalversammlung-2017","status":"publish","type":"post","link":"https:\/\/sw-osterfeine.de\/?p=18698","title":{"rendered":"Generalversammlung 2017"},"content":{"rendered":"<p>Liebe Mitglieder von SW Osterfeine,<\/p>\n<p>der Vorstand m\u00f6chte hiermit nochmal ausdr\u00fccklich auf Eure Generalversammlung hinweisen und Euch dazu einladen:<\/p>\n<p>&nbsp;<\/p>\n<p><span style=\"text-decoration: underline; font-size: 18pt;\"><strong><em>Freitag, 3.3.2017 um 20.00 Uhr im Saalbetrieb Fangmann<\/em><\/strong><\/span><\/p>\n<p>&nbsp;<\/p>\n<p>Auf der Tagungsordnung stehen u.a. Neuwahlen des kompletten Vorstandes und zahlreiche Ehrungen verdienter Mitglieder.<\/p>\n<p>Es w\u00e4re sch\u00f6n, wenn viele Aktive und Passive teilnehmen w\u00fcrden.<\/p>\n<p>Der Vorstand<\/p>\n","protected":false},"excerpt":{"rendered":"<p>Liebe Mitglieder von SW Osterfeine, der Vorstand m\u00f6chte hiermit nochmal ausdr\u00fccklich auf Eure Generalversammlung hinweisen und Euch dazu einladen: &nbsp; Freitag, 3.3.2017 um 20.00 Uhr im Saalbetrieb Fangmann &nbsp; Auf der Tagungsordnung stehen u.a. Neuwahlen des kompletten Vorstandes und zahlreiche Ehrungen verdienter Mitglieder. Es w\u00e4re sch\u00f6n, wenn viele Aktive und Passive teilnehmen w\u00fcrden. Der Vorstand<\/p>\n","protected":false},"author":3,"featured_media":0,"comment_status":"closed","ping_status":"closed","sticky":false,"template":"","format":"standard","meta":{"footnotes":""},"categories":[37],"tags":[],"_links":{"self":[{"href":"https:\/\/sw-osterfeine.de\/index.php?rest_route=\/wp\/v2\/posts\/18698"}],"collection":[{"href":"https:\/\/sw-osterfeine.de\/index.php?rest_route=\/wp\/v2\/posts"}],"about":[{"href":"https:\/\/sw-osterfeine.de\/index.php?rest_route=\/wp\/v2\/types\/post"}],"author":[{"embeddable":true,"href":"https:\/\/sw-osterfeine.de\/index.php?rest_route=\/wp\/v2\/users\/3"}],"replies":[{"embeddable":true,"href":"https:\/\/sw-osterfeine.de\/index.php?rest_route=%2Fwp%2Fv2%2Fcomments&post=18698"}],"version-history":[{"count":2,"href":"https:\/\/sw-osterfeine.de\/index.php?rest_route=\/wp\/v2\/posts\/18698\/revisions"}],"predecessor-version":[{"id":18700,"href":"https:\/\/sw-osterfeine.de\/index.php?rest_route=\/wp\/v2\/posts\/18698\/revisions\/18700"}],"wp:attachment":[{"href":"https:\/\/sw-osterfeine.de\/index.php?rest_route=%2Fwp%2Fv2%2Fmedia&parent=18698"}],"wp:term":[{"taxonomy":"category","embeddable":true,"href":"https:\/\/sw-osterfeine.de\/index.php?rest_route=%2Fwp%2Fv2%2Fcategories&post=18698"},{"taxonomy":"post_tag","embeddable":true,"href":"https:\/\/sw-osterfeine.de\/index.php?rest_route=%2Fwp%2Fv2%2Ftags&post=18698"}],"curies":[{"name":"wp","href":"https:\/\/api.w.org\/{rel}","templated":true}]}}