{"id":18701,"date":"2017-03-02T10:59:20","date_gmt":"2017-03-02T09:59:20","guid":{"rendered":"http:\/\/sw-osterfeine.de\/?p=18701"},"modified":"2017-03-02T11:01:11","modified_gmt":"2017-03-02T10:01:11","slug":"18701","status":"publish","type":"post","link":"https:\/\/sw-osterfeine.de\/?p=18701","title":{"rendered":"Bericht 2.\/3. Damen"},"content":{"rendered":"<p>Hallo Sportfreunde !\u00a0<\/p>\n<p>Damen Handball- Regionsoberliga<\/p>\n<p>SW Osterfeine II &#8211; SV Cappeln I\u00a016-26\u00a0 ( 6- 21 )<\/p>\n<p>Die abstiegsbedrohten Osterfeinerinnen\u00a0\u00a0 ( 10.Platz ,\u00a0 6-20 Punkte ) verlierenin eigener Halle gegen SV Cappeln I\u00a0 16 &#8211; 26. F\u00fcr den Tabellenneunten Cappeln I (8-20 Pkt.)\u00a0war es der erste Ausw\u00e4rtssieg seit\u00a0 September\u00a0 2015!\u00a0 Wir haben durch individuelle Fehler in der 1. H\u00e4lfte komplett den Faden verloren,\u00a0die G\u00e4ste nutzten die Ballverluste\u00a0 zu Gegensto\u00dftoren, packten in der Defensive ordentlich zu\u00a0 und nahmen die Punkte mit. Nach der Pause ist unsere &#8220; Zweite &#8220; aufgewacht, fing in der Deckung\u00a0 an zu agieren und die Torchancen wurden verwertet.<\/p>\n<p>Coach Knochenwefel: &#8222;Niederlagen sind\u00a0 schmerzhaft, aber sie sind lehrreich und k\u00f6nnen die\u00a0 Basis f\u00fcr etwas neues sein. Die Mannschaft trainiert ordentlich im Trainingsbetrieb, nimmt diese Situation als\u00a0 Weckruf und wird\u00a0&#8222;alles tun&#8220; um die Regionsoberliga zu halten, das Potenzial ist auch vorhanden.\u00a0&#8220; \u00a0Wir haben noch\u00a0 f\u00fcnf Spieltage vor uns, \u00a0von Platz 10\u00a0bis Platz 6 sind\u00a0 es vier Punkte\u00a0Unterschied.\u00a0 BW Lohne II\u00a0\u00a0(10-16 P.) belegt Platz 6, dann folgt Falke Steinfeld II\u00a0 ( 7. , 10-18 P. ), GW M\u00fchlen II\u00a0\u00a0 (\u00a0 8., 8-14 P. )\u00a0, SV Cappeln I\u00a0 ( 9.,\u00a0 8-20\u00a0 Pkt. ) und wir.<\/p>\n<p>Torsch\u00fctzen waren:\u00a0Rebecca Winter (3), Doti Hillmann (1), Kata Hentemann ( 4 ), Isabell gr. Hackmann ( 2 ), Maike Lange ( 2), Tessy Gravemeyer\u00a0 (2) und Mareen Kamphaus\u00a0 (2).<\/p>\n<p>Weiter gehts am Samstag, den 4. M\u00e4rz 2017\u00a0(18.3O\u00a0Uhr\u00a0) beim Tabellenf\u00fcnften TV Dinklage III.<\/p>\n<p>&nbsp;<\/p>\n<p>Damen Handball &#8211; Regionsliga<\/p>\n<p>&nbsp;<\/p>\n<p>HSG Wagenfeld \/ Wetschen II\u00a0 &#8211; SW Osterfeine III\u00a0\u00a0 26-14<!--more--><\/p>\n<p>Der Tabellendritte HSG Wagenfeld \/ Wetschen II\u00a0 gewann diese Heimspiel\u00a0 deutlich\u00a0 mit 26-14 gegen die Osterfeiner &#8222;Dritte&#8220;.\u00a0 Dabei sah es in der 1. Halbzeit ganz anders aus\u00a0(11-9) , der Au\u00dfenseiter Osterfeine hatte eine gut aufgelegte Iris Schlarmann\u00a0 zwischen den Torpfosten und vor dem gegenerischen\u00a0\u00a0 Torkreis\u00a0 zeigten die Schwarz-Wei\u00dfen ein kreatives Spiel. Daf\u00fcr\u00a0 gab es in der 6-0\u00a0 Deckung Schw\u00e4chen gegen die pr\u00e4zisen W\u00fcrfe von Theresa Steinert (9\u00a0 Tore) und Alexandra Korte (8). Am Ende siegten die Gastgeberinnen mit physischer \u00dcberlegenheit und einer &#8222;breiten Auswechselbank&#8220;.\u00a0<\/p>\n<p>F\u00fcr Osterfeine III trafen:\u00a0\u00a0 Mareen Kamphaus ( 4 ) , Annemarie Kleemann (1) , Sharina Riesenbeck ( 2 ), Anne Gravemeyer\u00a0\u00a0 (4 ), Vanessa Heitmann ( 2 ) und Michaela\u00a0 Nienaber\u00a0(1 Tor , war ein st\u00e4ndiger Unruheherd am Kreis\u00a0 der HSG).\u00a0<\/p>\n<p>Durch diesen doppelten Punktverlust rutschen wir auf einen (\u00a0f\u00fcr uns ausgezeichneten) f\u00fcnften Platz in der Regionsliga, da \u00a0 TuS\u00a0 Lemf\u00f6rde II\u00a0\u00a0 (4. Platz) gegen RW Damme\u00a0(6.Platz)\u00a027-22\u00a0gewann. Die Osterfeinerinnen freuten sich \u00fcber unsere ehemalige \u00a0 Mitspielerin Cati Kolbeck, sie stellte sich als\u00a0 Betreuerin zur Verf\u00fcgung.<\/p>\n<p>Unser Saisonziel ist es am Saisonende vor RW Damme zu stehen\u00a0 und daf\u00fcr brauchen wir im n\u00e4chsten Ausw\u00e4rtspiel\u00a0 (11.3.17,15 Uhr)\u00a0 einen Sieg beim SV Holdorf III.<\/p>\n<p>Die Mannschaft und unsere Handballabteilung w\u00fcnscht unserer\u00a0ausgeschiedenen Torh\u00fcterin\u00a0\u00a0 Carina\u00a0 Middendorf\u00a0 (Wadenbeinbruch am Sprunggelenk) weiterhin alles Gute\u00a0 !!!<\/p>\n<p>mit sportlichen Gr\u00fc\u00dfen an unsere Leser (innen)<\/p>\n<p>&nbsp;<\/p>\n<p>&nbsp;<\/p>\n","protected":false},"excerpt":{"rendered":"<p>Hallo Sportfreunde !\u00a0 Damen Handball- Regionsoberliga SW Osterfeine II &#8211; SV Cappeln I\u00a016-26\u00a0 ( 6- 21 ) Die abstiegsbedrohten Osterfeinerinnen\u00a0\u00a0 ( 10.Platz ,\u00a0 6-20 Punkte ) verlierenin eigener Halle gegen SV Cappeln I\u00a0 16 &#8211; 26. F\u00fcr den Tabellenneunten Cappeln I (8-20 Pkt.)\u00a0war es der erste Ausw\u00e4rtssieg seit\u00a0 September\u00a0 2015!\u00a0 Wir haben durch individuelle Fehler [&hellip;]<\/p>\n","protected":false},"author":3,"featured_media":0,"comment_status":"closed","ping_status":"closed","sticky":false,"template":"","format":"standard","meta":{"footnotes":""},"categories":[1],"tags":[],"_links":{"self":[{"href":"https:\/\/sw-osterfeine.de\/index.php?rest_route=\/wp\/v2\/posts\/18701"}],"collection":[{"href":"https:\/\/sw-osterfeine.de\/index.php?rest_route=\/wp\/v2\/posts"}],"about":[{"href":"https:\/\/sw-osterfeine.de\/index.php?rest_route=\/wp\/v2\/types\/post"}],"author":[{"embeddable":true,"href":"https:\/\/sw-osterfeine.de\/index.php?rest_route=\/wp\/v2\/users\/3"}],"replies":[{"embeddable":true,"href":"https:\/\/sw-osterfeine.de\/index.php?rest_route=%2Fwp%2Fv2%2Fcomments&post=18701"}],"version-history":[{"count":2,"href":"https:\/\/sw-osterfeine.de\/index.php?rest_route=\/wp\/v2\/posts\/18701\/revisions"}],"predecessor-version":[{"id":18705,"href":"https:\/\/sw-osterfeine.de\/index.php?rest_route=\/wp\/v2\/posts\/18701\/revisions\/18705"}],"wp:attachment":[{"href":"https:\/\/sw-osterfeine.de\/index.php?rest_route=%2Fwp%2Fv2%2Fmedia&parent=18701"}],"wp:term":[{"taxonomy":"category","embeddable":true,"href":"https:\/\/sw-osterfeine.de\/index.php?rest_route=%2Fwp%2Fv2%2Fcategories&post=18701"},{"taxonomy":"post_tag","embeddable":true,"href":"https:\/\/sw-osterfeine.de\/index.php?rest_route=%2Fwp%2Fv2%2Ftags&post=18701"}],"curies":[{"name":"wp","href":"https:\/\/api.w.org\/{rel}","templated":true}]}}