{"id":18706,"date":"2017-03-02T11:03:05","date_gmt":"2017-03-02T10:03:05","guid":{"rendered":"http:\/\/sw-osterfeine.de\/?p=18706"},"modified":"2017-03-02T11:03:05","modified_gmt":"2017-03-02T10:03:05","slug":"vorwort-sw-osterfeine-bv-garrel","status":"publish","type":"post","link":"https:\/\/sw-osterfeine.de\/?p=18706","title":{"rendered":"Vorwort SW Osterfeine &#8211; BV Garrel"},"content":{"rendered":"<p>Der Sportverein SW Osterfeine hei\u00dft alle G\u00e4ste zum Bezirksliga R\u00fcckrundenstart zwischen Schwarz-Wei\u00df Osterfeine und den BV Garrel recht herzlich willkommen. Der Fu\u00dfball rollt nach der langen Winterpause auf den Osterfeiner Fu\u00dfballpl\u00e4tzen. Startschuss in der Bezirksliga und die heimischen Fu\u00dfballinteressierten fiebern den Anpfiff der heutigen Partie entgegen.<\/p>\n<p>Der Gegner aus Garrel startete bereits am letzten Wochenende gegen den Spitzenreiter BV Essen in die R\u00fcckserie 2016\/2017. Die Essener dominierten das Spiel, so dass der BV Garrel keinerlei Chancen auf etwas Z\u00e4hlbares besa\u00df. Das Spiel soll und kann kein Ma\u00dfstab sein, da der BV Essen mit einer au\u00dfergew\u00f6hnlich guten Truppe die Serie 2016\/2017 bestreitet und klarer Titelanw\u00e4rter der Bezirksliga Weser-Ems ist.<\/p>\n<p>Zum heutigen Spiel reist der BV Garrel ohne den Langzeit verletzen St\u00fcrmer und Top-Torj\u00e4ger Andre Bartel (13 Tore) an. Der torgef\u00e4hrliche Angreifer verletzte sich vor der Winterpause im Bezirksligaspiel beim SV Altenoythe schwer (Schien und Wadenbeinbruch). Ein herber R\u00fcckschlag f\u00fcr die Truppe von Trainer Marcel Wolff. Der Sportverein SW Osterfeine w\u00fcnscht auf diesem Weg gute Besserung. Trotz des Ausfalls ist die Mannschaft aus dem Landkreis Cloppenburg ein starker Gegner, der unseren Jungs einiges abverlangen wird.\u00a0<!--more--><\/p>\n<p>Der SWO konnte durch einen erfolgreichen Endspurt in der Hinrunde ein kleines Polster zwischen den Abstiegspl\u00e4tzen herstellen. Die aktuelle Form in den Trainingseinheiten und Testspielen verspr\u00fchen Hoffnung auf eine weiterhin erfolgreiche Serie. Allerdings muss der Erfolg zun\u00e4chst hart erarbeitet werden!<\/p>\n<p>Beide Mannschaften befinden sich im Mittelfeld der Liga und wollen m\u00f6glichst schnell die n\u00f6tigen Punkte f\u00fcr den sicheren Ligaverbleib sammeln Au\u00dferdem ist nach der Winterpause abzuwarten, welches Team fixer in den Wettkampfrhythmus findet.<\/p>\n<p>Unsere II-Herrenmannschaft startet am kommenden Sonntag mit einem Heimspiel in die R\u00fcckrunde. Die II-Herrenmannschaft spielt um 13:15 Uhr gegen die erste Herrenmannschaft aus Kroge-Ehrendorf. Viel Erfolg beim R\u00fcckrundenstart!<\/p>\n<p>Auch unsere IV-Herrenmannschaften beginnt die R\u00fcckserie am Samstag gegen den BW Lohne IV und die III-Herrenmannschaft gastiert am Mittwochabend in Langf\u00f6rden. Beiden Teams w\u00fcnschen wir eine sch\u00f6ne und erfolgreiche R\u00fcckrunde.<\/p>\n<p>Trotz der Winterpause schl\u00e4ft solch ein Verein wie SW Osterfeine mit mehr als 1.600 Mitgliedern nicht. Anstehende Aufgaben wie die Ferienbetreuung in den Osterferien, der Anbau der Umkleidekabinen, das aktive Werben neuer Jugendtrainer, die Sportwoche, die Generalversammlung, das aktive Werben von Sponsoren, die Instandhaltung des Vereinsgel\u00e4ndes, die Mitgliederverwaltung und vieles mehr wollen neben den allt\u00e4glichen Arbeiten und Unternehmungen gut geplant und vorbereitet sein. Das Jahr 2017 stellt den Verein vor vielen Aufgaben. Fraglich ist, wer stellt sich f\u00fcr die Vereinsarbeit zur Verf\u00fcgung und \u00fcbernimmt Verantwortung im Vorstand, in der Abteilungsf\u00fchrung oder in der Trainer-und Betreuerarbeit, damit diese Aufgaben bew\u00e4ltigt werden? \u00dcber freiwillige Meldungen w\u00fcrden sich nicht nur die Verantwortlichen freuen, sondern besonders unsere Kinder und jungen Sportler profitieren durch eure Hilfsbereitschaft.<\/p>\n<p>&nbsp;<\/p>\n<p>Viel Spa\u00df beim Lesen.<\/p>\n<p>Mit sportlichen Gru\u00df<\/p>\n<p>Calli Hellebusch<\/p>\n","protected":false},"excerpt":{"rendered":"<p>Der Sportverein SW Osterfeine hei\u00dft alle G\u00e4ste zum Bezirksliga R\u00fcckrundenstart zwischen Schwarz-Wei\u00df Osterfeine und den BV Garrel recht herzlich willkommen. Der Fu\u00dfball rollt nach der langen Winterpause auf den Osterfeiner Fu\u00dfballpl\u00e4tzen. Startschuss in der Bezirksliga und die heimischen Fu\u00dfballinteressierten fiebern den Anpfiff der heutigen Partie entgegen. Der Gegner aus Garrel startete bereits am letzten Wochenende [&hellip;]<\/p>\n","protected":false},"author":3,"featured_media":0,"comment_status":"closed","ping_status":"closed","sticky":false,"template":"","format":"standard","meta":{"footnotes":""},"categories":[3],"tags":[],"_links":{"self":[{"href":"https:\/\/sw-osterfeine.de\/index.php?rest_route=\/wp\/v2\/posts\/18706"}],"collection":[{"href":"https:\/\/sw-osterfeine.de\/index.php?rest_route=\/wp\/v2\/posts"}],"about":[{"href":"https:\/\/sw-osterfeine.de\/index.php?rest_route=\/wp\/v2\/types\/post"}],"author":[{"embeddable":true,"href":"https:\/\/sw-osterfeine.de\/index.php?rest_route=\/wp\/v2\/users\/3"}],"replies":[{"embeddable":true,"href":"https:\/\/sw-osterfeine.de\/index.php?rest_route=%2Fwp%2Fv2%2Fcomments&post=18706"}],"version-history":[{"count":1,"href":"https:\/\/sw-osterfeine.de\/index.php?rest_route=\/wp\/v2\/posts\/18706\/revisions"}],"predecessor-version":[{"id":18707,"href":"https:\/\/sw-osterfeine.de\/index.php?rest_route=\/wp\/v2\/posts\/18706\/revisions\/18707"}],"wp:attachment":[{"href":"https:\/\/sw-osterfeine.de\/index.php?rest_route=%2Fwp%2Fv2%2Fmedia&parent=18706"}],"wp:term":[{"taxonomy":"category","embeddable":true,"href":"https:\/\/sw-osterfeine.de\/index.php?rest_route=%2Fwp%2Fv2%2Fcategories&post=18706"},{"taxonomy":"post_tag","embeddable":true,"href":"https:\/\/sw-osterfeine.de\/index.php?rest_route=%2Fwp%2Fv2%2Ftags&post=18706"}],"curies":[{"name":"wp","href":"https:\/\/api.w.org\/{rel}","templated":true}]}}