{"id":18709,"date":"2017-03-06T08:14:18","date_gmt":"2017-03-06T07:14:18","guid":{"rendered":"http:\/\/sw-osterfeine.de\/?p=18709"},"modified":"2017-03-06T08:14:18","modified_gmt":"2017-03-06T07:14:18","slug":"wjb-1-bv-garrel-12-14","status":"publish","type":"post","link":"https:\/\/sw-osterfeine.de\/?p=18709","title":{"rendered":"WJB 1 \u2013 BV Garrel: 12 \u2013 14"},"content":{"rendered":"<p>Eine Schwalbe macht noch keinen Sommer, so viel ist klar, aber was mein Team gegen den ungeschlagenen Tabellenf\u00fchrer am Samstag ablieferte, hatte mit den v\u00f6llig verunsicherten Auftritten der letzten Wochen rein gar nichts mehr gemein. Endlich zeigte sich die Mannschaft, die seit Wochen in einer Formkrise steckt, wieder von ihrer besten Seite.<\/p>\n<p>Vor allem die Defensive, die uns in den letzten zwei Jahren eine so erfolgreiche Zeit bescherte, stand wieder wie zu besten Tagen. Und dahinter stand mit Frauke auch endlich wieder die Torfrau im Kasten, die uns stets die n\u00f6tige Sicherheit gab.<\/p>\n<p>Wir konnten zudem Ausf\u00e4lle kompensieren. Die bis dato ganz starke Jasmin (1 Tor) musste Ende der ersten H\u00e4lfte l\u00e4nger behandelt werden, nachdem sie auf den Kopf gefallen war. Ihre Aufgaben \u00fcbernahmen die Youngstars Vanessa (1) und Melissa (1) und lie\u00dfen ebenfalls auf der rechten Defensivseite nichts anbrennen, brachten zudem viel Tempo ins Spiel. Im Angriff harmonierte das Zusammenspiel zwischen Julia (2), Anna W. (3) und der stark aufgelegten Michelle (3). Leider klebte uns das Pech im Abschluss auch an diesem Samstag wieder an den Fingern. Allein beim Stand von 12 zu 14 in der 48. Minute prallte erst ein sch\u00f6ner Knickwurf von Jasmin, im Anschluss ein toller Gegensto\u00df von Melissa vom Innenpfosten wieder raus. Das w\u00e4re der Ausgleich gewesen. So blieb die ganz gro\u00dfe \u00dcberraschung gegen den Primus der Liga leider aus.<\/p>\n<p>Aber in der jetzigen Situation werden wir diesen Chancen sicherlich nicht hinterher trauern. Nach Abpfiff merkte man den jungen Spielerinnen, aber auch Trainer und Abteilungsleiterin sichtbar an, dass da ein paar Steine abfielen. Wir k\u00f6nnen noch Handball spielen, Krise hin oder her, wir k\u00f6nnen es noch! Und wir kommen aus dem Loch auch wieder raus. Diese Erkenntnis nehmen wir jetzt mit in die letzten vier Spiele.<\/p>\n<p>Vor einer ganz schweren Aufgabe stehen wir am Samstag um 16.45 Uhr beim Gastauftritt in Lemf\u00f6rde. Die Gastgeber aus dem Nachbarort sind richtig gut drauf und spielen einen wahnsinnig schnellen Ball. Im Hinspiel, das wir lange offen gestalten konnten, verletzte sich unsere Toni schwer. Aber auch ihr geht es sichtlich besser und sie f\u00e4ngt diese Woche langsam wieder mit ersten individuellen Trainingseinheiten an.<\/p>\n<p>Ich freue mich auf ein letztes sportliches Wiedersehen mit meinen ebenso wie ich scheidenden Trainerkollegen und Freunden Hartmut D\u00fcmmermann und Richard Preen. Die Duelle der letzten Jahre waren immer ein Highlight. Und ich hoffe, dass unsere Fans auch am Samstag den positiven R\u00fcckhalt f\u00fcr uns bilden wie gegen Garrel. Das positive Anfeuern und Aufmuntern honorierte mein Team &#8211; damit k\u00f6nnen wir arbeiten!<\/p>\n<p>&nbsp;<\/p>\n","protected":false},"excerpt":{"rendered":"<p>Eine Schwalbe macht noch keinen Sommer, so viel ist klar, aber was mein Team gegen den ungeschlagenen Tabellenf\u00fchrer am Samstag ablieferte, hatte mit den v\u00f6llig verunsicherten Auftritten der letzten Wochen rein gar nichts mehr gemein. Endlich zeigte sich die Mannschaft, die seit Wochen in einer Formkrise steckt, wieder von ihrer besten Seite. Vor allem die [&hellip;]<\/p>\n","protected":false},"author":3,"featured_media":0,"comment_status":"closed","ping_status":"closed","sticky":false,"template":"","format":"standard","meta":{"footnotes":""},"categories":[1],"tags":[],"_links":{"self":[{"href":"https:\/\/sw-osterfeine.de\/index.php?rest_route=\/wp\/v2\/posts\/18709"}],"collection":[{"href":"https:\/\/sw-osterfeine.de\/index.php?rest_route=\/wp\/v2\/posts"}],"about":[{"href":"https:\/\/sw-osterfeine.de\/index.php?rest_route=\/wp\/v2\/types\/post"}],"author":[{"embeddable":true,"href":"https:\/\/sw-osterfeine.de\/index.php?rest_route=\/wp\/v2\/users\/3"}],"replies":[{"embeddable":true,"href":"https:\/\/sw-osterfeine.de\/index.php?rest_route=%2Fwp%2Fv2%2Fcomments&post=18709"}],"version-history":[{"count":1,"href":"https:\/\/sw-osterfeine.de\/index.php?rest_route=\/wp\/v2\/posts\/18709\/revisions"}],"predecessor-version":[{"id":18710,"href":"https:\/\/sw-osterfeine.de\/index.php?rest_route=\/wp\/v2\/posts\/18709\/revisions\/18710"}],"wp:attachment":[{"href":"https:\/\/sw-osterfeine.de\/index.php?rest_route=%2Fwp%2Fv2%2Fmedia&parent=18709"}],"wp:term":[{"taxonomy":"category","embeddable":true,"href":"https:\/\/sw-osterfeine.de\/index.php?rest_route=%2Fwp%2Fv2%2Fcategories&post=18709"},{"taxonomy":"post_tag","embeddable":true,"href":"https:\/\/sw-osterfeine.de\/index.php?rest_route=%2Fwp%2Fv2%2Ftags&post=18709"}],"curies":[{"name":"wp","href":"https:\/\/api.w.org\/{rel}","templated":true}]}}