{"id":18726,"date":"2017-03-08T09:42:25","date_gmt":"2017-03-08T08:42:25","guid":{"rendered":"http:\/\/sw-osterfeine.de\/?p=18726"},"modified":"2017-03-08T09:42:25","modified_gmt":"2017-03-08T08:42:25","slug":"tv-dinklage-iii-sw-osterfeine-ii-22-20-12-11","status":"publish","type":"post","link":"https:\/\/sw-osterfeine.de\/?p=18726","title":{"rendered":"TV Dinklage III &#8211; SW Osterfeine II    22-20  ( 12-11 )"},"content":{"rendered":"<p>Liebe Sportfreunde !<\/p>\n<p>Damen Handball &#8211; Regionsoberliga<\/p>\n<p>&#8222;Punkte weg , Osterfeiner Teamgeist beispielhaft &#8222;<\/p>\n<p>Das Abstiegsgespennst bleibt in Osterfeine.\u00a0Beim Tabellenf\u00fcnften TV Dinklage III, das seine Bestbesetzung (mit ehemaligen\u00a0 Oberliga &#8211; und Regionalligaakteuren)<\/p>\n<p>aufbot , verloren die Schwarz- Wei\u00dfen trotz einer Leistungssteigerung knapp mit 22-20\u00a0 (12-11) &#8211; Treffern. Es war ein spannendes Match &#8222;auf biegen und brechen&#8220;, auch in Unterzahl\u00a0 (3 -gegen 6 !!!), \u00a0 gaben die Osterfeinerinnen nicht auf, blieben bis auf ein Tor R\u00fcckstand (16-15, 17-16, 20-19) immer dran. Leider trafen die erfahrenen Damen um TVD &#8211; Coach\u00a0 Holger T\u00f6nnies\u00a0 (Holger und Andreas kennen sich seit der aktiven\u00a0 Handballzeit aus\u00a0 den 8o`ern) zweimal mehr ins Schwarze . SWO \u2013 Trainer Knochenwefel:\u00a0 &#8222;Die Ausw\u00e4rtsniederlage schmeckt uns zwar nicht, wir m\u00fcssen sie nun mal verdauen und den Blick nach vorn richten . Wir haben als Tabellenzehnter noch vier\u00a0 Partien vor uns (davon zweimal gegen die mitgef\u00e4hrdete Lohner &#8220; Zweite&#8220;) und es ist praktisch und theoretisch noch alles drin\u00a0 um\u00a0 Platz 9,\u00a0Platz 8\u00a0 zu\u00a0 erreichen. Oder wir bei\u00dfen in die saure Zitrone und verlassen die Regionsoberliga! Am Samstag\u00a0 ( 11.3.17, Anwurf\u00a0 16 Uhr)\u00a0wollen wir mit Hilfe vom Osterfeiner Publikum die HSG Barnstorf \/ Diepholz II\u00a0 bezwingen, f\u00fcr uns z\u00e4hlen nur noch Siege !!!! Wir freuen uns \u00fcber jeden Zuschauer!!!<\/p>\n<p>Torsch\u00fctzen im Spiel gegen Dinklage III: Rebecca, Doti, Johanna, Ulrike\u00a0 (2), Isabell\u00a0 (3), Mareen (3), Kata (4), Tessy (5).<\/p>\n<p>Eure Handballdamen<\/p>\n<p>&nbsp;<\/p>\n","protected":false},"excerpt":{"rendered":"<p>Liebe Sportfreunde ! Damen Handball &#8211; Regionsoberliga &#8222;Punkte weg , Osterfeiner Teamgeist beispielhaft &#8222; Das Abstiegsgespennst bleibt in Osterfeine.\u00a0Beim Tabellenf\u00fcnften TV Dinklage III, das seine Bestbesetzung (mit ehemaligen\u00a0 Oberliga &#8211; und Regionalligaakteuren) aufbot , verloren die Schwarz- Wei\u00dfen trotz einer Leistungssteigerung knapp mit 22-20\u00a0 (12-11) &#8211; Treffern. Es war ein spannendes Match &#8222;auf biegen und [&hellip;]<\/p>\n","protected":false},"author":3,"featured_media":0,"comment_status":"closed","ping_status":"closed","sticky":false,"template":"","format":"standard","meta":{"footnotes":""},"categories":[1],"tags":[],"_links":{"self":[{"href":"https:\/\/sw-osterfeine.de\/index.php?rest_route=\/wp\/v2\/posts\/18726"}],"collection":[{"href":"https:\/\/sw-osterfeine.de\/index.php?rest_route=\/wp\/v2\/posts"}],"about":[{"href":"https:\/\/sw-osterfeine.de\/index.php?rest_route=\/wp\/v2\/types\/post"}],"author":[{"embeddable":true,"href":"https:\/\/sw-osterfeine.de\/index.php?rest_route=\/wp\/v2\/users\/3"}],"replies":[{"embeddable":true,"href":"https:\/\/sw-osterfeine.de\/index.php?rest_route=%2Fwp%2Fv2%2Fcomments&post=18726"}],"version-history":[{"count":1,"href":"https:\/\/sw-osterfeine.de\/index.php?rest_route=\/wp\/v2\/posts\/18726\/revisions"}],"predecessor-version":[{"id":18727,"href":"https:\/\/sw-osterfeine.de\/index.php?rest_route=\/wp\/v2\/posts\/18726\/revisions\/18727"}],"wp:attachment":[{"href":"https:\/\/sw-osterfeine.de\/index.php?rest_route=%2Fwp%2Fv2%2Fmedia&parent=18726"}],"wp:term":[{"taxonomy":"category","embeddable":true,"href":"https:\/\/sw-osterfeine.de\/index.php?rest_route=%2Fwp%2Fv2%2Fcategories&post=18726"},{"taxonomy":"post_tag","embeddable":true,"href":"https:\/\/sw-osterfeine.de\/index.php?rest_route=%2Fwp%2Fv2%2Ftags&post=18726"}],"curies":[{"name":"wp","href":"https:\/\/api.w.org\/{rel}","templated":true}]}}